{"id":123392,"date":"2020-03-06T12:18:49","date_gmt":"2020-03-06T11:18:49","guid":{"rendered":"https:\/\/zjarr.tv\/?p=123392"},"modified":"2020-03-06T12:18:49","modified_gmt":"2020-03-06T11:18:49","slug":"ahmetaj-gati-per-ndertimin-e-3400-banesave-individuale-4000-familje-festojne-2021-ne-shtepite-e-reja","status":"publish","type":"post","link":"https:\/\/zjarr.tv\/en\/ahmetaj-gati-per-ndertimin-e-3400-banesave-individuale-4000-familje-festojne-2021-ne-shtepite-e-reja\/","title":{"rendered":"Ahmetaj: Gati p\u00ebr nd\u00ebrtimin e 3,400 banesave individuale, 4,000 familje festojn\u00eb 2021 n\u00eb sht\u00ebpit\u00eb e reja"},"content":{"rendered":"<p>Ministri i Rind\u00ebrtimt Arben Ahmetaj ka dal\u00eb dit\u00ebn e sotme n\u00eb konferenc\u00eb p\u00ebr mediat ku ka folur p\u00ebr procesin e rind\u00ebrtimit pas t\u00ebrmetit t\u00eb 26 n\u00ebntorit.<\/p>\n<p>Ahmetaj b\u00ebri t\u00eb ditur se sot \u00ebsht\u00eb kaluar fondi prej 8,7 mld lek\u00eb p\u00ebr nd\u00ebrtimin e banesave individuale dhe se jav\u00ebn tjet\u00ebr shpallet gara p\u00ebr nd\u00ebrtimin e banesavce<\/p>\n<p><strong>Arben Ahmetaj:\u00a0<\/strong><em>\u2018\u2019Sot kaluam fondin prej 8.7 mld lek\u00eb p\u00ebr nd\u00ebrtimin e banesave individuale. 6,5 mld lek\u00eb jan\u00eb akorduar p\u00ebr Fondin Shqiptar t\u00eb Zhvillimit e cila do nd\u00ebrtoj\u00eb 2100 banesa dhe 2,2 mld lek\u00eb p\u00ebr Bashkin\u00eb e Tiran\u00ebs e cila do nd\u00ebrtoj\u00eb 889 banesa. Banesat individuale do jen\u00eb t\u00eb tipologjis\u00eb 1+1, 2+1 dhe 3+1. B\u00ebj me dije p\u00ebr t\u00eb gjith\u00eb te interesuarit, q\u00eb nga sipermarrjet, nga dhomat e tregtis\u00eb, se jav\u00ebn q\u00eb vjen shpallet gara nderkombetare nga Bashkia e Tiran\u00ebs dhe Fondi Shqiptar i Zhvillimit p\u00ebr nd\u00ebrtimin e 3400 banesaveindividuale.\u2019\u2019<\/em><\/p>\n<p>Minstri u shpreh se brenda k\u00ebtij viti do hapen kantieret e nd\u00ebrtimit n\u00eb zonat e prekura nga t\u00ebrmeti dhe se 4000 familje do e festojn\u00eb vitin e ri 2021 n\u00eb sht\u00ebpit\u00eb e tyre t\u00eb reja.<\/p>\n<p><strong>Arben Ahmetaj:\u00a0<\/strong><em>\u2018\u2019Do t\u00eb bejm\u00eb njoftime publike n\u00eb baze te ligjit por dhe njoftime ne Financial Times p\u00ebr kompanite nderkombetare qe duan t\u00eb marrin pjes\u00eb n\u00eb rind\u00ebrtimin e banesave. Vleresimi i thelluar po vazhdon sipas parashikimit. Instituti i Nd\u00ebrtimit p\u00ebrfundon procesin m\u00eb 31 mars dhe Bashkia e Tiran\u00ebs me 23 prill. Rind\u00ebrtimi do t\u00eb kryhet me standardin m\u00eb t\u00eb lart\u00eb, banesat do t\u00eb jen\u00eb rezistente ndaj t\u00ebrmeteve mbi 9 ball\u00eb, dhe do t\u00eb ket\u00eb nje teknologji qe kursen energji deri ne 30%.\u2019\u2019<\/em><\/p>\n<p><em>\u2018\u2019Ne jemi angazhuar sikurse dhe kryeministri e ka deklaruar se rreth 4000 familje me 31 dhjetor 2020-2021 so ta festojn\u00eb vitin e ri n\u00eb shtepit\u00eb e tyre te reja sipas modeleve qe kemi prezantuar. Dua te ndaj me qytetaret qe megjithese eshte nje program unik, jemi te bindur qe po bejme gjene e duhur per qytetaret shqiptar\u00eb. Rind\u00ebrtimi ka hyr\u00eb n\u00eb nj\u00eb faz\u00eb t\u00eb re, hapat konkret\u00eb, dhe brenda k\u00ebtij viti do hapen kantieret e nd\u00ebrtimit n\u00eb Durr\u00ebs, Tiran\u00eb, Thuman\u00eb, Lezh\u00eb dhe n\u00eb \u00e7do vend q\u00eb \u00ebsht\u00eb prekur nga t\u00ebrmeti.\u2019\u2019<\/em><\/p>","protected":false},"excerpt":{"rendered":"<p>Ministri i Rind\u00ebrtimt Arben Ahmetaj ka dal\u00eb dit\u00ebn e sotme n\u00eb konferenc\u00eb p\u00ebr mediat ku ka folur p\u00ebr procesin e rind\u00ebrtimit pas t\u00ebrmetit t\u00eb 26 n\u00ebntorit. Ahmetaj b\u00ebri t\u00eb ditur se sot \u00ebsht\u00eb kaluar fondi prej 8,7 mld lek\u00eb p\u00ebr nd\u00ebrtimin e banesave individuale dhe se jav\u00ebn tjet\u00ebr shpallet gara p\u00ebr nd\u00ebrtimin e banesavce Arben [&hellip;]<\/p>\n","protected":false},"author":2013,"featured_media":113515,"comment_status":"open","ping_status":"closed","sticky":false,"template":"","format":"standard","meta":{"footnotes":""},"categories":[241,235],"tags":[],"class_list":{"0":"post-123392","1":"post","2":"type-post","3":"status-publish","4":"format-standard","5":"has-post-thumbnail","7":"category-aktualitet","8":"category-vendi"},"_links":{"self":[{"href":"https:\/\/zjarr.tv\/en\/wp-json\/wp\/v2\/posts\/123392","targetHints":{"allow":["GET"]}}],"collection":[{"href":"https:\/\/zjarr.tv\/en\/wp-json\/wp\/v2\/posts"}],"about":[{"href":"https:\/\/zjarr.tv\/en\/wp-json\/wp\/v2\/types\/post"}],"author":[{"embeddable":true,"href":"https:\/\/zjarr.tv\/en\/wp-json\/wp\/v2\/users\/2013"}],"replies":[{"embeddable":true,"href":"https:\/\/zjarr.tv\/en\/wp-json\/wp\/v2\/comments?post=123392"}],"version-history":[{"count":0,"href":"https:\/\/zjarr.tv\/en\/wp-json\/wp\/v2\/posts\/123392\/revisions"}],"wp:featuredmedia":[{"embeddable":true,"href":"https:\/\/zjarr.tv\/en\/wp-json\/wp\/v2\/media\/113515"}],"wp:attachment":[{"href":"https:\/\/zjarr.tv\/en\/wp-json\/wp\/v2\/media?parent=123392"}],"wp:term":[{"taxonomy":"category","embeddable":true,"href":"https:\/\/zjarr.tv\/en\/wp-json\/wp\/v2\/categories?post=123392"},{"taxonomy":"post_tag","embeddable":true,"href":"https:\/\/zjarr.tv\/en\/wp-json\/wp\/v2\/tags?post=123392"}],"curies":[{"name":"wp","href":"https:\/\/api.w.org\/{rel}","templated":true}]}}