{"id":123401,"date":"2020-03-06T14:32:45","date_gmt":"2020-03-06T13:32:45","guid":{"rendered":"https:\/\/zjarr.tv\/?p=123401"},"modified":"2020-03-06T14:32:45","modified_gmt":"2020-03-06T13:32:45","slug":"meta-i-pergjigjet-rucit-koha-te-pozicionohesh-me-shtetin-e-se-drejtes-apo-grupin-mafioz","status":"publish","type":"post","link":"https:\/\/zjarr.tv\/en\/meta-i-pergjigjet-rucit-koha-te-pozicionohesh-me-shtetin-e-se-drejtes-apo-grupin-mafioz\/","title":{"rendered":"Meta i p\u00ebrgjigjet Ru\u00e7it: Koha t\u00eb pozicionohesh! Me shtetin e s\u00eb drejt\u00ebs apo grupin mafioz"},"content":{"rendered":"<p>N\u00eb konferenc\u00ebn p\u00ebr shtyp me homologun austriak, kryetari I Kuvendit, Gramoz Ru\u00e7i deklaroi se gjat\u00eb koh\u00ebs q\u00eb kishte mbajtur at\u00eb detyr\u00eb nuk e kishte shfryt\u00ebzuar p\u00ebr asnj\u00eb sekond \u00a0<em>mikrofonin e kryetarit t\u00eb Parlamentit p\u00ebr problem partiake.<\/em><\/p>\n<p>Gati dy or\u00eb m\u00eb pas kreu i shtetit i b\u00ebri thirrje Ru\u00e7it se ka ardhur koha q\u00eb t\u00eb pozicionohej: N\u00eb an\u00ebn e shtetit t\u00eb s\u00eb drejt\u00ebs apo t\u00eb grupit mafioz.<\/p>\n<p><strong>Ilir Meta:\u00a0<\/strong><em>\u201cPo d\u00ebgjoja pak m\u00eb par\u00eb kryetarin Kuvendit \u00a0n\u00eb konferenc\u00ebn e shtypit me kryetarin e Kuvendit austriak lidhur me k\u00ebt\u00eb \u00e7\u00ebshtje dhe kam vet\u00ebm nj\u00eb pyetje shum\u00eb miq\u00ebsore dhe institucionale e shoq\u00ebrore: P\u00ebrse duhej t\u00eb krijohet kjo situat\u00eb kur presidenti n\u00eb koh\u00ebn e duhur i ka k\u00ebrkuar bashk\u00ebpunim, i ka k\u00ebrkuar luajalitet kushtetues, i ka k\u00ebrkuar t\u00eb veproj\u00eb sa m\u00eb shpejt p\u00ebr an\u00ebtarin e par\u00eb t\u00eb Gjykat\u00ebs Kushtetuese dhe nuk ka marr\u00eb asnj\u00eb lloj p\u00ebrgjigje, p\u00ebrkundrazi, atij dhe deputet\u00ebve, tre or\u00eb para se t\u00eb vendosnin p\u00ebr vakancat e tyre ka b\u00ebr\u00eb mesazh publik q\u00eb e ka marr\u00eb vesh gjith\u00eb Shqip\u00ebria.<\/em><\/p>\n<p><em>T\u00eb pakt\u00ebn un\u00eb mendoj q\u00eb ai n\u00eb p\u00ebrkrahje t\u00eb shtetit ligjor do t\u00eb k\u00ebrkoj\u00eb \u00a0hetime p\u00ebr \u00e7\u00ebshtjen e Ministris\u00eb s\u00eb Drejt\u00ebsis\u00eb sepse ai e kupton shum\u00eb mir\u00eb q\u00eb \u00ebsht\u00eb vep\u00ebr e patolerueshme, se ndoshta ka pasur iden\u00eb se vendimi \u00ebsht\u00eb publilkuar nga KED. Faktet e reja q\u00eb dol\u00ebn k\u00ebrkojn\u00eb dhe nj\u00eb analiz\u00eb p\u00ebr tu pozicionuar n\u00eb an\u00ebn e shtetit t\u00eb s\u00eb drejt\u00ebs apo n\u00eb an\u00ebn e nj\u00eb grupi mafioz q\u00eb po asgj\u00ebson dhe at\u00eb pak legjitimitet q\u00eb i ka mbetur kuvendit\u201d<\/em><\/p>\n<p>Meta doli n\u00eb konferenc\u00eb p\u00ebr median p\u00ebr t\u00eb sqaruar letr\u00ebn q\u00eb i ka d\u00ebrguar komisionerit t\u00eb zgjerimit.<\/p>","protected":false},"excerpt":{"rendered":"<p>N\u00eb konferenc\u00ebn p\u00ebr shtyp me homologun austriak, kryetari I Kuvendit, Gramoz Ru\u00e7i deklaroi se gjat\u00eb koh\u00ebs q\u00eb kishte mbajtur at\u00eb detyr\u00eb nuk e kishte shfryt\u00ebzuar p\u00ebr asnj\u00eb sekond \u00a0mikrofonin e kryetarit t\u00eb Parlamentit p\u00ebr problem partiake. Gati dy or\u00eb m\u00eb pas kreu i shtetit i b\u00ebri thirrje Ru\u00e7it se ka ardhur koha q\u00eb t\u00eb pozicionohej: [&hellip;]<\/p>\n","protected":false},"author":2013,"featured_media":99906,"comment_status":"open","ping_status":"closed","sticky":false,"template":"","format":"standard","meta":{"footnotes":""},"categories":[241,235],"tags":[],"class_list":{"0":"post-123401","1":"post","2":"type-post","3":"status-publish","4":"format-standard","5":"has-post-thumbnail","7":"category-aktualitet","8":"category-vendi"},"_links":{"self":[{"href":"https:\/\/zjarr.tv\/en\/wp-json\/wp\/v2\/posts\/123401","targetHints":{"allow":["GET"]}}],"collection":[{"href":"https:\/\/zjarr.tv\/en\/wp-json\/wp\/v2\/posts"}],"about":[{"href":"https:\/\/zjarr.tv\/en\/wp-json\/wp\/v2\/types\/post"}],"author":[{"embeddable":true,"href":"https:\/\/zjarr.tv\/en\/wp-json\/wp\/v2\/users\/2013"}],"replies":[{"embeddable":true,"href":"https:\/\/zjarr.tv\/en\/wp-json\/wp\/v2\/comments?post=123401"}],"version-history":[{"count":0,"href":"https:\/\/zjarr.tv\/en\/wp-json\/wp\/v2\/posts\/123401\/revisions"}],"wp:featuredmedia":[{"embeddable":true,"href":"https:\/\/zjarr.tv\/en\/wp-json\/wp\/v2\/media\/99906"}],"wp:attachment":[{"href":"https:\/\/zjarr.tv\/en\/wp-json\/wp\/v2\/media?parent=123401"}],"wp:term":[{"taxonomy":"category","embeddable":true,"href":"https:\/\/zjarr.tv\/en\/wp-json\/wp\/v2\/categories?post=123401"},{"taxonomy":"post_tag","embeddable":true,"href":"https:\/\/zjarr.tv\/en\/wp-json\/wp\/v2\/tags?post=123401"}],"curies":[{"name":"wp","href":"https:\/\/api.w.org\/{rel}","templated":true}]}}