{"id":123403,"date":"2020-03-06T14:35:15","date_gmt":"2020-03-06T13:35:15","guid":{"rendered":"https:\/\/zjarr.tv\/?p=123403"},"modified":"2020-03-06T14:35:15","modified_gmt":"2020-03-06T13:35:15","slug":"bardh-spahia-publikon-audion-drejtoresha-e-qsh-nr-8-nje-militante-partiake","status":"publish","type":"post","link":"https:\/\/zjarr.tv\/en\/bardh-spahia-publikon-audion-drejtoresha-e-qsh-nr-8-nje-militante-partiake\/","title":{"rendered":"Bardh Spahia publikon audion: Drejtoresha e QSh nr.8, nj\u00eb militante partiake"},"content":{"rendered":"<p>Ish-deputeti i PD, Bardh Spahia ka publikuar nj\u00eb audio, ku tregohet se drejtoresha e qendr\u00ebs sh\u00ebndet\u00ebsore 8 u k\u00ebrkon llogari mjek\u00ebve pse komunikojn\u00eb \u00a0me opozit\u00ebn.<\/p>\n<p>Spahiu thot\u00eb se n\u00eb vend q\u00eb drejtoresha t\u00eb shqet\u00ebsohet p\u00ebr personelin mjek\u00ebsor dhe qytetar\u00ebt, u k\u00ebrkon llogari mjek\u00ebve pse komunikojn\u00eb me opozit\u00ebn.<\/p>\n<p><em>&#8220;Kush ka mund\u00ebsin\u00eb t\u00eb bisedoj\u00eb me nj\u00eb mjek, e kupton menj\u00ebher\u00eb se t\u00eb ashtuquajturat masa t\u00eb qeveris\u00eb kund\u00ebr koronavirusit te ri jan\u00eb vet\u00ebm propagand\u00eb. M\u00eb t\u00eb pambrojturit jan\u00eb mjek\u00ebt. Deri kur ne b\u00ebm\u00eb publike t\u00eb v\u00ebrtet\u00ebn se Qendrat Sh\u00ebndet\u00ebsore jan\u00eb t\u00eb pap\u00ebrgatitura, atje mungonin edhe masat m\u00eb elementare. Video e v\u00ebrteton plot\u00ebsisht k\u00ebt\u00eb. P\u00ebr fat t\u00eb keq, Drejtoresha e Qendr\u00ebs Sh\u00ebndet\u00ebsore nr.8 Blerta Berberi provoi se \u00ebsht\u00eb nj\u00eb militante partiake q\u00eb, n\u00eb vend t\u00eb shqet\u00ebsohet p\u00ebr personelin mjek\u00ebsor dhe qytetar\u00ebt, u k\u00ebrkon llogari mjek\u00ebve pse komunikojn\u00eb me opozit\u00ebn p\u00ebr t\u2019u th\u00ebn\u00eb qytetar\u00ebve t\u00eb v\u00ebrtet\u00ebn<\/em>&#8220;, shkruan Bardh Spahia.<\/p>\n<p><iframe loading=\"lazy\" src=\"https:\/\/www.facebook.com\/plugins\/video.php?href=https%3A%2F%2Fwww.facebook.com%2F100009522289777%2Fvideos%2F2554497568210961%2F&amp;show_text=0&amp;width=560\" width=\"560\" height=\"316\" frameborder=\"0\" scrolling=\"no\" allowfullscreen=\"allowfullscreen\" data-mce-fragment=\"1\"><\/iframe><\/p>\n<p>&nbsp;<\/p>\n<p>&nbsp;<\/p>","protected":false},"excerpt":{"rendered":"<p>Ish-deputeti i PD, Bardh Spahia ka publikuar nj\u00eb audio, ku tregohet se drejtoresha e qendr\u00ebs sh\u00ebndet\u00ebsore 8 u k\u00ebrkon llogari mjek\u00ebve pse komunikojn\u00eb \u00a0me opozit\u00ebn. Spahiu thot\u00eb se n\u00eb vend q\u00eb drejtoresha t\u00eb shqet\u00ebsohet p\u00ebr personelin mjek\u00ebsor dhe qytetar\u00ebt, u k\u00ebrkon llogari mjek\u00ebve pse komunikojn\u00eb me opozit\u00ebn. &#8220;Kush ka mund\u00ebsin\u00eb t\u00eb bisedoj\u00eb me nj\u00eb mjek, [&hellip;]<\/p>\n","protected":false},"author":2013,"featured_media":123404,"comment_status":"open","ping_status":"closed","sticky":false,"template":"","format":"standard","meta":{"footnotes":""},"categories":[241,235],"tags":[],"class_list":{"0":"post-123403","1":"post","2":"type-post","3":"status-publish","4":"format-standard","5":"has-post-thumbnail","7":"category-aktualitet","8":"category-vendi"},"_links":{"self":[{"href":"https:\/\/zjarr.tv\/en\/wp-json\/wp\/v2\/posts\/123403","targetHints":{"allow":["GET"]}}],"collection":[{"href":"https:\/\/zjarr.tv\/en\/wp-json\/wp\/v2\/posts"}],"about":[{"href":"https:\/\/zjarr.tv\/en\/wp-json\/wp\/v2\/types\/post"}],"author":[{"embeddable":true,"href":"https:\/\/zjarr.tv\/en\/wp-json\/wp\/v2\/users\/2013"}],"replies":[{"embeddable":true,"href":"https:\/\/zjarr.tv\/en\/wp-json\/wp\/v2\/comments?post=123403"}],"version-history":[{"count":0,"href":"https:\/\/zjarr.tv\/en\/wp-json\/wp\/v2\/posts\/123403\/revisions"}],"wp:featuredmedia":[{"embeddable":true,"href":"https:\/\/zjarr.tv\/en\/wp-json\/wp\/v2\/media\/123404"}],"wp:attachment":[{"href":"https:\/\/zjarr.tv\/en\/wp-json\/wp\/v2\/media?parent=123403"}],"wp:term":[{"taxonomy":"category","embeddable":true,"href":"https:\/\/zjarr.tv\/en\/wp-json\/wp\/v2\/categories?post=123403"},{"taxonomy":"post_tag","embeddable":true,"href":"https:\/\/zjarr.tv\/en\/wp-json\/wp\/v2\/tags?post=123403"}],"curies":[{"name":"wp","href":"https:\/\/api.w.org\/{rel}","templated":true}]}}