{"id":123418,"date":"2020-03-06T15:59:18","date_gmt":"2020-03-06T14:59:18","guid":{"rendered":"https:\/\/zjarr.tv\/?p=123418"},"modified":"2020-03-06T15:59:18","modified_gmt":"2020-03-06T14:59:18","slug":"marshimi-ne-prag-te-8-marsit-grate-e-elbasanit-ne-shesh-kunder-fenomenit-te-dhunes","status":"publish","type":"post","link":"https:\/\/zjarr.tv\/en\/marshimi-ne-prag-te-8-marsit-grate-e-elbasanit-ne-shesh-kunder-fenomenit-te-dhunes\/","title":{"rendered":"Marshimi n\u00eb prag t\u00eb 8 marsit, grat\u00eb e Elbasanit n\u00eb shesh kund\u00ebr fenomenit t\u00eb dhun\u00ebs"},"content":{"rendered":"<p><em>7 gra jan\u00eb vrar\u00eb nga burrat apo familjar\u00ebt n\u00eb 3 muajt e par\u00eb t\u00eb k\u00ebtij viti. Ndaj n\u00eb prag t\u00eb 8 Marsit, grat\u00eb e Elbasanit zbrit\u00ebn n\u00eb nj\u00eb marshim kund\u00ebr dhun\u00ebs. \u00a0N\u00eb Elbasan, fatmir\u00ebsisht nuk ka pasur raste fatale, por deri tani 70 gra kan\u00eb k\u00ebrkuar ndihm\u00eb n\u00eb qendrat sociale.<\/em><\/p>\n<p>Dita nd\u00ebrkomb\u00ebtare e Gruan e gjen Shqip\u00ebrin\u00eb k\u00ebt\u00eb vit me nj\u00eb bilanc t\u00eb friksh\u00ebm viktimash t\u00eb krimit dhe dhun\u00ebs.<\/p>\n<p>7 gra jan\u00eb vrar\u00eb vet\u00ebm n\u00eb tre muajt e par\u00eb t\u00eb vitit 2020 nga burrat apo familjar\u00ebt e tyre!<\/p>\n<p>Ndaj n\u00eb prag t\u00eb 8 marsit, grat\u00eb e Elbasanit marshuan krah p\u00ebr krah n\u00eb form\u00eb proteste kund\u00ebr dhun\u00ebs.<\/p>\n<p>70 prej tyre jan\u00eb detyruar t\u00eb k\u00ebrkojn\u00eb ndihm\u00eb n\u00eb nj\u00eb qend\u00ebr p\u00ebr ti shp\u00ebtuar burrave apo familjar\u00ebve keqtrajtues<\/p>\n<p><em>\u201cJan\u00eb 8 raste t\u00eb akomaduara n\u00eb shelter-in e emergjenc\u00ebs p\u00ebr shkak t\u00eb emergjenc\u00ebn s\u00eb dhun\u00ebs.\u201d<\/em><\/p>\n<p>Disa prej tyre edhe me urdh\u00ebr mbrojtje.<\/p>\n<p><em>\u201c\u00c7do grua \u00ebsht\u00eb e mir\u00ebpritur n\u00eb sh\u00ebrbimet tona,por nuk duhet t\u00eb presim q\u00eb gruaja t\u00eb dhunohet dhe t\u00eb vij\u00eb te sh\u00ebrbimet tona. Ne sot t\u00eb gjith\u00eb jemi k\u00ebtu p\u00ebr \u00ebt parandaluar dhun\u00ebn dhe vrasjen.\u201d<\/em><\/p>\n<p>Dhuna n\u00eb familje \u00ebsht\u00eb tashm\u00eb nj\u00eb kriz\u00eb e shoq\u00ebris\u00eb son\u00eb!<\/p>\n<p>Fajtor\u00ebt p\u00ebrgjith\u00ebsisht jan\u00eb burrat! Ndaj mesazhin n\u00eb prag t\u00eb 8 marsit ua dha nj\u00eb burr\u00eb<\/p>\n<p><em>\u201cMos i vrisni grat\u00eb, n\u00eb em\u00ebr t\u00eb dashuris\u00eb p\u00ebr jet\u00ebn, \u00eb em\u00ebr t\u00eb grave q\u00eb jan\u00eb gjysma e bot\u00ebs dhe edukojn\u00eb gjysm\u00ebn tjet\u00ebr.\u201d<\/em><\/p>\n<p>N\u00eb qarkun e Elbasanit, p\u00ebr k\u00ebt\u00eb krim nuk ka pasur raste fatale, por fenomeni i dhun\u00ebs n\u00eb familje mbetet shqet\u00ebsues.<\/p>\n<p>131 raste u denoncuan vitin e kaluar.<\/p>\n<p>Numrin m\u00eb t\u00eb lart\u00eb t\u00eb denoncimeve n\u00eb rang qarku e mbajn\u00eb e kan\u00eb Librazhdi dhe P\u00ebrrenjasi.<\/p>","protected":false},"excerpt":{"rendered":"<p>7 gra jan\u00eb vrar\u00eb nga burrat apo familjar\u00ebt n\u00eb 3 muajt e par\u00eb t\u00eb k\u00ebtij viti. Ndaj n\u00eb prag t\u00eb 8 Marsit, grat\u00eb e Elbasanit zbrit\u00ebn n\u00eb nj\u00eb marshim kund\u00ebr dhun\u00ebs. \u00a0N\u00eb Elbasan, fatmir\u00ebsisht nuk ka pasur raste fatale, por deri tani 70 gra kan\u00eb k\u00ebrkuar ndihm\u00eb n\u00eb qendrat sociale. Dita nd\u00ebrkomb\u00ebtare e Gruan e [&hellip;]<\/p>\n","protected":false},"author":2013,"featured_media":123419,"comment_status":"open","ping_status":"closed","sticky":false,"template":"","format":"standard","meta":{"footnotes":""},"categories":[241,235],"tags":[],"class_list":{"0":"post-123418","1":"post","2":"type-post","3":"status-publish","4":"format-standard","5":"has-post-thumbnail","7":"category-aktualitet","8":"category-vendi"},"_links":{"self":[{"href":"https:\/\/zjarr.tv\/en\/wp-json\/wp\/v2\/posts\/123418","targetHints":{"allow":["GET"]}}],"collection":[{"href":"https:\/\/zjarr.tv\/en\/wp-json\/wp\/v2\/posts"}],"about":[{"href":"https:\/\/zjarr.tv\/en\/wp-json\/wp\/v2\/types\/post"}],"author":[{"embeddable":true,"href":"https:\/\/zjarr.tv\/en\/wp-json\/wp\/v2\/users\/2013"}],"replies":[{"embeddable":true,"href":"https:\/\/zjarr.tv\/en\/wp-json\/wp\/v2\/comments?post=123418"}],"version-history":[{"count":0,"href":"https:\/\/zjarr.tv\/en\/wp-json\/wp\/v2\/posts\/123418\/revisions"}],"wp:featuredmedia":[{"embeddable":true,"href":"https:\/\/zjarr.tv\/en\/wp-json\/wp\/v2\/media\/123419"}],"wp:attachment":[{"href":"https:\/\/zjarr.tv\/en\/wp-json\/wp\/v2\/media?parent=123418"}],"wp:term":[{"taxonomy":"category","embeddable":true,"href":"https:\/\/zjarr.tv\/en\/wp-json\/wp\/v2\/categories?post=123418"},{"taxonomy":"post_tag","embeddable":true,"href":"https:\/\/zjarr.tv\/en\/wp-json\/wp\/v2\/tags?post=123418"}],"curies":[{"name":"wp","href":"https:\/\/api.w.org\/{rel}","templated":true}]}}