{"id":123424,"date":"2020-03-06T16:02:37","date_gmt":"2020-03-06T15:02:37","guid":{"rendered":"https:\/\/zjarr.tv\/?p=123424"},"modified":"2020-03-06T16:02:37","modified_gmt":"2020-03-06T15:02:37","slug":"reforma-zgjedhore-gjiknuri-nje-bashe-ne-tryeze-nje-tjeter-bashe-ne-seline-e-pd","status":"publish","type":"post","link":"https:\/\/zjarr.tv\/en\/reforma-zgjedhore-gjiknuri-nje-bashe-ne-tryeze-nje-tjeter-bashe-ne-seline-e-pd\/","title":{"rendered":"Reforma Zgjedhore, Gjiknuri: Nj\u00eb Bash\u00eb n\u00eb tryez\u00eb, nj\u00eb tjet\u00ebr Bash\u00eb n\u00eb selin\u00eb e PD"},"content":{"rendered":"<p>Damian Gjiknuri reagon ndaj Bash\u00ebs n\u00eb lidhje me\u00a0propozimin e kreut t\u00eb PD-s\u00eb n\u00eb lidhje me reform\u00ebn radikale t\u00eb sistemit zgjedhor.<\/p>\n<p>Gjiknuri p\u00ebrmes nj\u00eb postimi n\u00eb facebook shkruan se ka nj\u00eb Bash\u00eb tjet\u00ebr n\u00eb tryez\u00eb dhe nj\u00eb tjet\u00ebr n\u00eb selin\u00eb e PD-s\u00eb.<\/p>\n<p>Gjiknuri shton se deklarimet publike t\u00eb kryetarit t\u00eb PD bien n\u00eb kund\u00ebrshtim me vet frym\u00ebn konsensuale me t\u00eb cil\u00ebn ka ecur puna e deritanishme e tryez\u00ebs politike t\u00eb reform\u00ebs.<\/p>\n<p><strong>Postimi i Gjiknurit:<\/strong><\/p>\n<p>Nj\u00eb Bash\u00eb n\u00eb tryez\u00eb, nj\u00eb tjet\u00ebr Bash\u00eb n\u00eb selin\u00eb e PD. N\u00eb dit\u00ebn kur t\u00eb gjith\u00eb prisnin q\u00eb opozita jasht\u00ebparlamentare t\u00eb paraqitej n\u00eb tryez\u00ebn e reform\u00ebs zgjedhore p\u00ebr t\u00eb dor\u00ebzuar propozimet e saja p\u00ebr \u00e7\u00ebshtjen e administrat\u00ebs dhe sistemit zgjedhor, Partia Demokratike vendosi ta shtyj\u00eb mbledhjen. Deklarimet publike t\u00eb kryetarit t\u00eb PD bien n\u00eb kund\u00ebrshtim me vet frym\u00ebn konsensuale me t\u00eb cil\u00ebn ka ecur puna e deritanishme e tryez\u00ebs politike t\u00eb reform\u00ebs. Vizionin e tij p\u00ebr shtetin, Lulzim Basha mund ta deklaroj\u00eb n\u00eb fushata zgjedhore por kjo nuk ka lidhje me Kodin Zgjedhor. Sa p\u00ebr kujtes\u00eb, \u00e7\u00ebshtja se sa dhoma duhet t\u00eb ket\u00eb Kuvendi i Shqip\u00ebris\u00eb \u00ebsht\u00eb trajtuar gj\u00ebr\u00ebsisht n\u00eb reform\u00ebn kushtetuese t\u00eb vitit 1998.<\/p>\n<p>Fatkeq\u00ebsisht, me deklarimet e sotme, Basha ka vendosur q\u00eb t\u00eb mos njoh\u00eb as propozimet zyrtare t\u00eb dor\u00ebzuara deri m\u00eb tani nga partia e tij n\u00eb k\u00ebt\u00eb tryez\u00eb dhe as dakord\u00ebsit\u00eb e arritura mes pal\u00ebve. Rikujtoj se deri m\u00eb tani, pal\u00ebt kan\u00eb arritur konsensus si p\u00ebr rolin e Policis\u00eb s\u00eb Shtetit, Prokuroris\u00eb, hetimin nga SPAK t\u00eb veprave penale t\u00eb korrupsionit zgjedhor, sanksionimin dhe mbrojtjen e raportuesve t\u00eb shkeljeve zgjedhore, financimin miks t\u00eb fushatave zgjedhore, identifikimin elektronik t\u00eb zgjedh\u00ebsve n\u00eb qendra votimi ose fillimin e zbatimit me projekte pilot t\u00eb votimit elektronik etj.<\/p>\n<p>Duke mos dashur t\u00eb besoj se meraku i vet\u00ebm i Partis\u00eb Demokratike \u00ebsht\u00eb sabotimi dhe d\u00ebshtimi i tryez\u00ebs s\u00eb reform\u00ebs zgjedhore p\u00ebrpara dat\u00ebs 15 Mars, rikujtoj se mbledhja e rradh\u00ebs s\u00eb tryez\u00ebs politike \u00ebsht\u00eb dit\u00ebn e H\u00ebn\u00eb, ora 10:00. Mbetemi n\u00eb pritje t\u00eb propozimeve zyrtare t\u00eb Partis\u00eb Demokratike mbi administrat\u00ebn zgjedhore dhe sistemin zgjedhor, p\u00ebr t\u00eb cilin sikurse \u00ebsht\u00eb r\u00ebn\u00eb dakord, duke qen\u00eb se prek dhe Kushtetut\u00ebn mund t\u00eb k\u00ebrkoj\u00eb m\u00eb shum\u00eb koh\u00eb edhe p\u00ebrtej 15 Marsit. Riktheksoj se mazhoranca ka vullnetin dhe detyrimin p\u00ebr ta p\u00ebrmbyllur sa m\u00eb par\u00eb reform\u00ebn zgjedhore duke adresuar plot\u00ebsisht rekomandimet e OSBE\/ODIHR.<\/p>\n<p>N\u00eb tryez\u00ebn politike t\u00eb reform\u00ebs zgjedhore diskutohen VETEM \u00e7\u00ebshtje q\u00eb kan\u00eb t\u00eb b\u00ebjn\u00eb me Kodin Zgjedhor. ASNJE \u00e7\u00ebshtje tjet\u00ebr q\u00eb shkon p\u00ebrtej k\u00ebsaj nuk \u00ebsht\u00eb objekt diskutimi n\u00eb k\u00ebt\u00eb tryez\u00eb!<\/p>","protected":false},"excerpt":{"rendered":"<p>Damian Gjiknuri reagon ndaj Bash\u00ebs n\u00eb lidhje me\u00a0propozimin e kreut t\u00eb PD-s\u00eb n\u00eb lidhje me reform\u00ebn radikale t\u00eb sistemit zgjedhor. Gjiknuri p\u00ebrmes nj\u00eb postimi n\u00eb facebook shkruan se ka nj\u00eb Bash\u00eb tjet\u00ebr n\u00eb tryez\u00eb dhe nj\u00eb tjet\u00ebr n\u00eb selin\u00eb e PD-s\u00eb. Gjiknuri shton se deklarimet publike t\u00eb kryetarit t\u00eb PD bien n\u00eb kund\u00ebrshtim me vet [&hellip;]<\/p>\n","protected":false},"author":2013,"featured_media":120386,"comment_status":"open","ping_status":"closed","sticky":false,"template":"","format":"standard","meta":{"footnotes":""},"categories":[241,235],"tags":[],"class_list":{"0":"post-123424","1":"post","2":"type-post","3":"status-publish","4":"format-standard","5":"has-post-thumbnail","7":"category-aktualitet","8":"category-vendi"},"_links":{"self":[{"href":"https:\/\/zjarr.tv\/en\/wp-json\/wp\/v2\/posts\/123424","targetHints":{"allow":["GET"]}}],"collection":[{"href":"https:\/\/zjarr.tv\/en\/wp-json\/wp\/v2\/posts"}],"about":[{"href":"https:\/\/zjarr.tv\/en\/wp-json\/wp\/v2\/types\/post"}],"author":[{"embeddable":true,"href":"https:\/\/zjarr.tv\/en\/wp-json\/wp\/v2\/users\/2013"}],"replies":[{"embeddable":true,"href":"https:\/\/zjarr.tv\/en\/wp-json\/wp\/v2\/comments?post=123424"}],"version-history":[{"count":0,"href":"https:\/\/zjarr.tv\/en\/wp-json\/wp\/v2\/posts\/123424\/revisions"}],"wp:featuredmedia":[{"embeddable":true,"href":"https:\/\/zjarr.tv\/en\/wp-json\/wp\/v2\/media\/120386"}],"wp:attachment":[{"href":"https:\/\/zjarr.tv\/en\/wp-json\/wp\/v2\/media?parent=123424"}],"wp:term":[{"taxonomy":"category","embeddable":true,"href":"https:\/\/zjarr.tv\/en\/wp-json\/wp\/v2\/categories?post=123424"},{"taxonomy":"post_tag","embeddable":true,"href":"https:\/\/zjarr.tv\/en\/wp-json\/wp\/v2\/tags?post=123424"}],"curies":[{"name":"wp","href":"https:\/\/api.w.org\/{rel}","templated":true}]}}