{"id":123444,"date":"2020-03-07T12:56:49","date_gmt":"2020-03-07T11:56:49","guid":{"rendered":"https:\/\/zjarr.tv\/?p=123444"},"modified":"2020-03-07T12:56:49","modified_gmt":"2020-03-07T11:56:49","slug":"rama-shijaku-do-te-rindertohet-nga-e-para-do-te-behet-destinacion-turistik","status":"publish","type":"post","link":"https:\/\/zjarr.tv\/en\/rama-shijaku-do-te-rindertohet-nga-e-para-do-te-behet-destinacion-turistik\/","title":{"rendered":"Rama: Shijaku do t\u00eb rind\u00ebrtohet nga e para, do t\u00eb b\u00ebhet destinacion turistik"},"content":{"rendered":"<p>Rama nga Shijaku \u00ebsht\u00eb shprehur se ky qytet do t\u00eb rind\u00ebrtohet nga e para.<\/p>\n<p>N\u00eb nj\u00eb takim me qytetar\u00ebt e k\u00ebtij qyteti dit\u00ebn e sotme kryeministri tha se Shijaku do t\u00eb marr\u00eb nj\u00eb pamje tjet\u00ebr dhe do t\u00eb shnd\u00ebrrohet n\u00eb nj\u00eb destinacion turistik.<\/p>\n<p>Rama shtoi se Shijaku do t\u00eb jet\u00eb kantieri m\u00eb i madh i rind\u00ebrtimit.<\/p>\n<p><strong>Rama:<\/strong><em><strong>\u00a0<\/strong>N\u00ebse me rilindjen urbane Shijaku mori nj\u00eb pamje tjet\u00ebr dhe u b\u00eb shum\u00eb m\u00eb i p\u00eblqyesh\u00ebm me nd\u00ebrhyrjen ton\u00eb. Rind\u00ebrtimi do ta b\u00ebj\u00eb Shijaku nj\u00eb destinacion shum\u00eb t\u00eb vizituar dhe pjes\u00eb t\u00eb sezonit turistik, p\u00ebr n\u00eb arsye shum\u00eb t\u00eb thjesht\u00eb sepse do t\u00eb jet\u00eb nj\u00eb qytet komplet tjet\u00ebr. N\u00eb Shijak 90 % e pallateve ekzistuese do t\u00eb nd\u00ebrtohen nga e para. Edhe mjediset e tyre tregtare, kafe bare, pikat e tjera t\u00eb sh\u00ebrbimeve, do t\u00eb jen\u00eb n\u00eb nj\u00eb kualitet tjet\u00ebr. Shum\u00eb turist\u00eb do t\u00eb preferojn\u00eb t\u00eb vijn\u00eb k\u00ebtu padite apo p\u00ebr nj\u00eb dark\u00eb. Kjo mund t\u00eb duket si nj\u00eb p\u00ebrrall\u00eb, por k\u00ebto jan\u00eb nga ato \u00ebndrrat q\u00eb un\u00eb si shoh me sy hapur, por q\u00eb i realizoj pastaj. Shijaku do t\u00eb jet\u00eb kantieri m\u00eb i madh i rind\u00ebrtimit. T\u00eb gjitha pallatet \u00a0do t\u00eb ikin nga syt\u00eb, nuk do ta njihni qytetin tuaj. Nuk ka lidhje me zgjedhje me vota, k\u00ebto fjal\u00eb duhet t\u00eb v\u00ebrtetohen deri para zgjedhjeve.\u00a0<\/em><\/p>","protected":false},"excerpt":{"rendered":"<p>Rama nga Shijaku \u00ebsht\u00eb shprehur se ky qytet do t\u00eb rind\u00ebrtohet nga e para. N\u00eb nj\u00eb takim me qytetar\u00ebt e k\u00ebtij qyteti dit\u00ebn e sotme kryeministri tha se Shijaku do t\u00eb marr\u00eb nj\u00eb pamje tjet\u00ebr dhe do t\u00eb shnd\u00ebrrohet n\u00eb nj\u00eb destinacion turistik. Rama shtoi se Shijaku do t\u00eb jet\u00eb kantieri m\u00eb i madh i [&hellip;]<\/p>\n","protected":false},"author":2013,"featured_media":123445,"comment_status":"open","ping_status":"closed","sticky":false,"template":"","format":"standard","meta":{"footnotes":""},"categories":[241,235],"tags":[],"class_list":{"0":"post-123444","1":"post","2":"type-post","3":"status-publish","4":"format-standard","5":"has-post-thumbnail","7":"category-aktualitet","8":"category-vendi"},"_links":{"self":[{"href":"https:\/\/zjarr.tv\/en\/wp-json\/wp\/v2\/posts\/123444","targetHints":{"allow":["GET"]}}],"collection":[{"href":"https:\/\/zjarr.tv\/en\/wp-json\/wp\/v2\/posts"}],"about":[{"href":"https:\/\/zjarr.tv\/en\/wp-json\/wp\/v2\/types\/post"}],"author":[{"embeddable":true,"href":"https:\/\/zjarr.tv\/en\/wp-json\/wp\/v2\/users\/2013"}],"replies":[{"embeddable":true,"href":"https:\/\/zjarr.tv\/en\/wp-json\/wp\/v2\/comments?post=123444"}],"version-history":[{"count":0,"href":"https:\/\/zjarr.tv\/en\/wp-json\/wp\/v2\/posts\/123444\/revisions"}],"wp:featuredmedia":[{"embeddable":true,"href":"https:\/\/zjarr.tv\/en\/wp-json\/wp\/v2\/media\/123445"}],"wp:attachment":[{"href":"https:\/\/zjarr.tv\/en\/wp-json\/wp\/v2\/media?parent=123444"}],"wp:term":[{"taxonomy":"category","embeddable":true,"href":"https:\/\/zjarr.tv\/en\/wp-json\/wp\/v2\/categories?post=123444"},{"taxonomy":"post_tag","embeddable":true,"href":"https:\/\/zjarr.tv\/en\/wp-json\/wp\/v2\/tags?post=123444"}],"curies":[{"name":"wp","href":"https:\/\/api.w.org\/{rel}","templated":true}]}}