{"id":123447,"date":"2020-03-07T12:58:56","date_gmt":"2020-03-07T11:58:56","guid":{"rendered":"https:\/\/zjarr.tv\/?p=123447"},"modified":"2020-03-07T12:58:56","modified_gmt":"2020-03-07T11:58:56","slug":"nis-akademia-e-ushtrise-ne-tetor-priten-studentet-e-pare","status":"publish","type":"post","link":"https:\/\/zjarr.tv\/en\/nis-akademia-e-ushtrise-ne-tetor-priten-studentet-e-pare\/","title":{"rendered":"Nis akademia e ushtris\u00eb, n\u00eb tetor priten student\u00ebt e par\u00eb"},"content":{"rendered":"<p>Mungesa e akademis\u00eb s\u00eb Forcave t\u00eb Armatosura \u00ebsht\u00eb konsideruar nj\u00eb dob\u00ebsi e madhe p\u00ebr ushtrin\u00eb shqiptare n\u00eb disa vite.<\/p>\n<p>N\u00eb 7 mars, fest\u00ebn e m\u00ebsuesit, ministrja Olta Xha\u00e7ka ka b\u00ebr\u00eb t\u00eb ditur se n\u00eb tetor, ky institucion do t\u00eb pres\u00eb student\u00ebt e par\u00eb, duke e konsideruar si pjes\u00eb t\u00eb modernizimit dhe profesionalizmin e ushtris\u00eb.<\/p>\n<p><strong><em>Xha\u00e7ka:<\/em><\/strong><em>\u00a0Nj\u00eb nga hallkat m\u00eb jetike t\u00eb struktur\u00ebs s\u00eb Forcave t\u00eb Armatosura si nj\u00eb institucion me rol ky\u00e7 n\u00eb projektin ton\u00eb p\u00ebr modernizimin dhe n\u00eb profesionalizmin e tyre. Dhe e di shum\u00eb mir\u00eb se \u00e7far\u00eb mungese e madhe n\u00eb fakt dhe \u00e7far\u00eb dob\u00ebsie ka qen\u00eb kjo p\u00ebr zhvillimin e Forcave t\u00eb Armatosura.\u00a0<\/em><\/p>\n<p>P\u00ebrmes Akademis\u00eb do t\u00eb b\u00ebhet e mundur t\u00eb rekrutohen n\u00eb forcat e armatosura individ\u00eb t\u00eb talentuar.<\/p>\n<p><strong>Xha\u00e7ka:<\/strong>\u00a0<em>Kjo \u00ebsht\u00eb nj\u00eb nd\u00ebr hallkat m\u00eb t\u00eb r\u00ebnd\u00ebsishme t\u00eb t\u00eb gjith\u00eb ngrehin\u00ebs mbrojt\u00ebse dhe siguris\u00eb n\u00eb Shqip\u00ebri. Kjo do t\u00eb lejoj\u00eb q\u00eb dhe t\u00eb rekrutojm\u00eb n\u00eb rradh\u00ebt tona djem dhe vajza m\u00eb t\u00eb zot\u00eb.\u00a0<\/em><\/p>\n<p>Burimi i rekrutimit do t\u00eb jet\u00eb nga institucionet e arsimit parauniversitar, n\u00ebp\u00ebrmjet Matur\u00ebs Shtet\u00ebrore, si p\u00ebr student\u00ebt q\u00eb do t\u00eb d\u00ebrgohen n\u00eb akademit\u00eb ushtarake jasht\u00eb vendit, ashtu edhe p\u00ebr ata q\u00eb do t\u00eb ndjekin Akademin\u00eb e FA.<\/p>","protected":false},"excerpt":{"rendered":"<p>Mungesa e akademis\u00eb s\u00eb Forcave t\u00eb Armatosura \u00ebsht\u00eb konsideruar nj\u00eb dob\u00ebsi e madhe p\u00ebr ushtrin\u00eb shqiptare n\u00eb disa vite. N\u00eb 7 mars, fest\u00ebn e m\u00ebsuesit, ministrja Olta Xha\u00e7ka ka b\u00ebr\u00eb t\u00eb ditur se n\u00eb tetor, ky institucion do t\u00eb pres\u00eb student\u00ebt e par\u00eb, duke e konsideruar si pjes\u00eb t\u00eb modernizimit dhe profesionalizmin e ushtris\u00eb. Xha\u00e7ka:\u00a0Nj\u00eb [&hellip;]<\/p>\n","protected":false},"author":2013,"featured_media":123448,"comment_status":"open","ping_status":"closed","sticky":false,"template":"","format":"standard","meta":{"footnotes":""},"categories":[241,235],"tags":[],"class_list":{"0":"post-123447","1":"post","2":"type-post","3":"status-publish","4":"format-standard","5":"has-post-thumbnail","7":"category-aktualitet","8":"category-vendi"},"_links":{"self":[{"href":"https:\/\/zjarr.tv\/en\/wp-json\/wp\/v2\/posts\/123447","targetHints":{"allow":["GET"]}}],"collection":[{"href":"https:\/\/zjarr.tv\/en\/wp-json\/wp\/v2\/posts"}],"about":[{"href":"https:\/\/zjarr.tv\/en\/wp-json\/wp\/v2\/types\/post"}],"author":[{"embeddable":true,"href":"https:\/\/zjarr.tv\/en\/wp-json\/wp\/v2\/users\/2013"}],"replies":[{"embeddable":true,"href":"https:\/\/zjarr.tv\/en\/wp-json\/wp\/v2\/comments?post=123447"}],"version-history":[{"count":0,"href":"https:\/\/zjarr.tv\/en\/wp-json\/wp\/v2\/posts\/123447\/revisions"}],"wp:featuredmedia":[{"embeddable":true,"href":"https:\/\/zjarr.tv\/en\/wp-json\/wp\/v2\/media\/123448"}],"wp:attachment":[{"href":"https:\/\/zjarr.tv\/en\/wp-json\/wp\/v2\/media?parent=123447"}],"wp:term":[{"taxonomy":"category","embeddable":true,"href":"https:\/\/zjarr.tv\/en\/wp-json\/wp\/v2\/categories?post=123447"},{"taxonomy":"post_tag","embeddable":true,"href":"https:\/\/zjarr.tv\/en\/wp-json\/wp\/v2\/tags?post=123447"}],"curies":[{"name":"wp","href":"https:\/\/api.w.org\/{rel}","templated":true}]}}