{"id":123453,"date":"2020-03-07T14:14:10","date_gmt":"2020-03-07T13:14:10","guid":{"rendered":"https:\/\/zjarr.tv\/?p=123453"},"modified":"2020-03-07T14:14:10","modified_gmt":"2020-03-07T13:14:10","slug":"meta-poston-videon-e-presidentit-bullgar-teksa-pilotoi-avionin-ushtarak","status":"publish","type":"post","link":"https:\/\/zjarr.tv\/en\/meta-poston-videon-e-presidentit-bullgar-teksa-pilotoi-avionin-ushtarak\/","title":{"rendered":"Meta poston videon e Presidentit bullgar teksa pilotoi avionin ushtarak"},"content":{"rendered":"<p>Nj\u00eb dit\u00eb pasi lexoi opinionin paraprak t\u00eb Komisionit t\u00eb Venecias, Presidenti i Republik\u00ebs Ilir Meta \u00ebsht\u00eb kthyer 112 vite pas. P\u00ebrmes nj\u00eb postimi n\u00eb n\u00eb facebbok ai ka kujtuar Kongresin e Manastirit, nj\u00eb nga ngjarjet historike t\u00eb vendit ton\u00eb, ku patriot\u00ebt shqiptar\u00eb t\u00eb mbledhur nga trojet por dhe nga shtete t\u00eb tje\u00eb, vendosen themelet e shkrimit t\u00eb gjuh\u00ebs shqipe. Por teksa n\u00eb shkrim flitet p\u00ebr rolin e patrio\u00ebve, n\u00eb video Meta poston homologun bullgar n\u00eb koh\u00ebn kur ishte pilot dhe komandat i Forcave t\u00eb armatosura, si dhe i ka shprehur mir\u00ebnjohjen p\u00ebr Bullgarin\u00eb p\u00ebr kontributin e dh\u00ebn\u00eb p\u00ebr vendin ton\u00eb.<\/p>\n<p>B<em>ullgaria, ka qen\u00eb baza e patriot\u00ebve tan\u00eb t\u00eb cil\u00ebt p\u00ebrgatit\u00ebn Kongresin e Manastirit dhe Pavar\u00ebsin\u00eb e Shqip\u00ebris\u00eb, duke hapur edhe kishat p\u00ebr Fan Nolin p\u00ebr t\u00eb organizuar mesha n\u00eb vigjilje t\u00eb shpalljes s\u00eb saj. Por edhe sot President\u00ebt Stojanov, Parvanov dhe Plevneliev vazhdojn\u00eb t\u00eb jen\u00eb t\u00eb v\u00ebmendsh\u00ebm e t\u00eb dashur p\u00ebr Shqip\u00ebrin\u00eb kurdo q\u00eb u jepet mund\u00ebsia.<\/em><\/p>\n<p>P\u00ebr t\u00eb mb\u00ebshtetut spektaklin n\u00eb aj\u00ebr t\u00eb Presidentit Radev, Ilir Meta tregon edhe nj\u00eb detaj interesant se si homologu i tij mori postin e Kreut t\u00eb Shtetit.<\/p>\n<p><em>Ai ka qen\u00eb nj\u00eb pilot i mrekulluesh\u00ebm dhe Komandant i Forcave Ajrore t\u00eb vendit t\u00eb tij, t\u00eb cilin, dit\u00ebn q\u00eb kishte vendosur t\u00eb dilte n\u00eb pension, e ftuan p\u00ebr t&#8217;u b\u00ebr\u00eb President. N\u00eb \u00a0spektaklin e fundit t\u00eb tij para 6 vitesh n\u00eb ajer, e priste n\u00eb kur n\u00eb aeroport Presidenti Plevneliev, i cili nuk e dinte se po priste pasardh\u00ebsin e tij.<\/em><\/p>\n<p>Presidenti Bullgar gjat\u00eb vizit\u00ebs zyrtare n\u00eb Tiran\u00eb zhvilloi takime me t\u00eb gjith\u00eb institucionet n\u00eb vend.<\/p>","protected":false},"excerpt":{"rendered":"<p>Nj\u00eb dit\u00eb pasi lexoi opinionin paraprak t\u00eb Komisionit t\u00eb Venecias, Presidenti i Republik\u00ebs Ilir Meta \u00ebsht\u00eb kthyer 112 vite pas. P\u00ebrmes nj\u00eb postimi n\u00eb n\u00eb facebbok ai ka kujtuar Kongresin e Manastirit, nj\u00eb nga ngjarjet historike t\u00eb vendit ton\u00eb, ku patriot\u00ebt shqiptar\u00eb t\u00eb mbledhur nga trojet por dhe nga shtete t\u00eb tje\u00eb, vendosen themelet e [&hellip;]<\/p>\n","protected":false},"author":2013,"featured_media":123454,"comment_status":"open","ping_status":"closed","sticky":false,"template":"","format":"standard","meta":{"footnotes":""},"categories":[241,235],"tags":[],"class_list":{"0":"post-123453","1":"post","2":"type-post","3":"status-publish","4":"format-standard","5":"has-post-thumbnail","7":"category-aktualitet","8":"category-vendi"},"_links":{"self":[{"href":"https:\/\/zjarr.tv\/en\/wp-json\/wp\/v2\/posts\/123453","targetHints":{"allow":["GET"]}}],"collection":[{"href":"https:\/\/zjarr.tv\/en\/wp-json\/wp\/v2\/posts"}],"about":[{"href":"https:\/\/zjarr.tv\/en\/wp-json\/wp\/v2\/types\/post"}],"author":[{"embeddable":true,"href":"https:\/\/zjarr.tv\/en\/wp-json\/wp\/v2\/users\/2013"}],"replies":[{"embeddable":true,"href":"https:\/\/zjarr.tv\/en\/wp-json\/wp\/v2\/comments?post=123453"}],"version-history":[{"count":0,"href":"https:\/\/zjarr.tv\/en\/wp-json\/wp\/v2\/posts\/123453\/revisions"}],"wp:featuredmedia":[{"embeddable":true,"href":"https:\/\/zjarr.tv\/en\/wp-json\/wp\/v2\/media\/123454"}],"wp:attachment":[{"href":"https:\/\/zjarr.tv\/en\/wp-json\/wp\/v2\/media?parent=123453"}],"wp:term":[{"taxonomy":"category","embeddable":true,"href":"https:\/\/zjarr.tv\/en\/wp-json\/wp\/v2\/categories?post=123453"},{"taxonomy":"post_tag","embeddable":true,"href":"https:\/\/zjarr.tv\/en\/wp-json\/wp\/v2\/tags?post=123453"}],"curies":[{"name":"wp","href":"https:\/\/api.w.org\/{rel}","templated":true}]}}