{"id":123456,"date":"2020-03-07T14:15:42","date_gmt":"2020-03-07T13:15:42","guid":{"rendered":"https:\/\/zjarr.tv\/?p=123456"},"modified":"2020-03-07T14:15:42","modified_gmt":"2020-03-07T13:15:42","slug":"udherrefyesi-per-daljen-nga-kriza-politike-zbatimi-i-9-kushteve-te-bundestagut-cfare-bisedoi-basha-me-presidentin-e-parlamentit-te-austrise","status":"publish","type":"post","link":"https:\/\/zjarr.tv\/en\/udherrefyesi-per-daljen-nga-kriza-politike-zbatimi-i-9-kushteve-te-bundestagut-cfare-bisedoi-basha-me-presidentin-e-parlamentit-te-austrise\/","title":{"rendered":"\u201cUdh\u00ebrr\u00ebfyesi p\u00ebr daljen nga kriza politike, zbatimi i 9 kushteve t\u00eb Bundestagut\u201d, \u00e7far\u00eb bisedoi Basha me presidentin e Parlamentit t\u00eb Austris\u00eb"},"content":{"rendered":"<p>Kryetari i Partis\u00eb Demokratike dhe lideri i Opozit\u00ebs s\u00eb Bashkuar Lulzim Basha zhvilloi nj\u00eb takim me Presidentin e Parlamentit t\u00eb Austris\u00eb, Wolfgang Sobotka gjat\u00eb vizit\u00ebs s\u00eb k\u00ebtij t\u00eb fundit n\u00eb Tiran\u00eb. Basha teksa i shprehu zyrtarit p\u00ebrkrahjen e plot\u00eb t\u00eb opozit\u00ebs p\u00ebr forcimin e bashk\u00ebpunimit dypal\u00ebsh, e falenderoi Presidentin p\u00ebr kontributin e Austris\u00eb n\u00eb ndihm\u00eb t\u00eb procesit t\u00eb integrimit t\u00eb Shqip\u00ebris\u00eb n\u00eb BE. Kryetari i Opozit\u00ebs i shprehu Presidentit Sobotka besimin se Republika mike e Austris\u00eb do t\u00eb luaj\u00eb nj\u00eb rol aktiv mb\u00ebshtet\u00ebs p\u00ebr hapjen e negociatave me Shqip\u00ebrin\u00eb gjat\u00eb presidenc\u00ebs Kroate.<\/p>\n<p>Gjat\u00eb takimit, Sobotka shprehu interes dhe u informua lidhur me qendrimet e Partis\u00eb Demokratike dhe opozit\u00ebs s\u00eb Bashkuar p\u00ebrsa i p\u00ebrket situat\u00ebs s\u00eb kriz\u00ebs politike e institucionale n\u00eb Shqip\u00ebri, perspektiv\u00ebs europiane t\u00eb vendit, reform\u00ebs zgjedhore, reform\u00ebs n\u00eb drejt\u00ebsi, gjendjes s\u00eb shtypit t\u00eb lir\u00eb, si dhe zhvillimeve n\u00eb rajonin e Ballkanit Per\u00ebndimor.<\/p>\n<p>Kryetari i Partis\u00eb Demokratike i prezantoi presidentit Sobotka shqet\u00ebsimet e opozit\u00ebs lidhur me munges\u00ebn e demokracis\u00eb funksionale n\u00eb vend, kapjen e shtetit, mosfuksionimin e institucioneve, munges\u00ebn e organizimit t\u00eb zgjedhjeve t\u00eb lira e t\u00eb ndershme, r\u00ebnien ekonomike, shpopullimin e Shqip\u00ebris\u00eb, si dhe bllokimin e procesit t\u00eb integrimit europian t\u00eb vendit.<\/p>\n<p>Kryetari Basha dhe Kryeparlamentari Austriak pat\u00ebn dakort\u00ebsi t\u00eb plot\u00eb se udh\u00ebrr\u00ebfyesi m\u00eb i mir\u00eb p\u00ebr daljen nga kriza e thell\u00eb politike e institucionale q\u00eb po kalon vendi, por edhe p\u00ebr t\u00eb zhbllokuar rrug\u00ebn e integrimit europian t\u00eb Shqip\u00ebris\u00eb, \u00ebsht\u00eb zbatimi i 9 kushteve t\u00eb Bundestagut. Kryetari Basha e informoi Kryeparlamentarin Sobotka lidhur me angazhimin e plot\u00eb t\u00eb Partis\u00eb Demokratike p\u00ebr t\u00eb realizuar detyrimet e saj n\u00eb raport me kushtet e m\u00ebsip\u00ebrme, me q\u00ebllim hapjen e negociatave p\u00ebr Shqip\u00ebrin\u00eb.<\/p>\n<p>Presidenti Sobotka shprehu bindjen se reforma zgjedhore dhe organizimi i zgjedhjeve t\u00eb lira dhe t\u00eb ndershme jan\u00eb themelore p\u00ebr gjendjen q\u00eb po kalon vendi, si dhe p\u00ebr perspektiv\u00ebn e m\u00ebtejshme. Ai e siguroi Kryetarin Basha p\u00ebr vem\u00ebndjen e tij dhe t\u00eb Austris\u00eb ndaj rolit dhe qendrimeve t\u00eb opozit\u00ebs n\u00eb Shqip\u00ebri. Nd\u00ebr t\u00eb tjera Kryeparlamentari austriak n\u00ebnvizoi rolin e medias n\u00eb shoq\u00ebrit\u00eb demokratike duke theksuar gjat\u00eb takimit se n\u00eb Shqip\u00ebri duhen b\u00ebr\u00eb p\u00ebrpjekjet maksimale p\u00ebr fuqizimin e medias s\u00eb lir\u00eb dhe liris\u00eb s\u00eb shtypit n\u00eb p\u00ebrgjith\u00ebsi dhe se \u00e7do p\u00ebrkjekje n\u00eb t\u00eb kund\u00ebrt do t\u00eb ishte n\u00eb d\u00ebm t\u00eb interesit t\u00eb vendit.<\/p>","protected":false},"excerpt":{"rendered":"<p>Kryetari i Partis\u00eb Demokratike dhe lideri i Opozit\u00ebs s\u00eb Bashkuar Lulzim Basha zhvilloi nj\u00eb takim me Presidentin e Parlamentit t\u00eb Austris\u00eb, Wolfgang Sobotka gjat\u00eb vizit\u00ebs s\u00eb k\u00ebtij t\u00eb fundit n\u00eb Tiran\u00eb. Basha teksa i shprehu zyrtarit p\u00ebrkrahjen e plot\u00eb t\u00eb opozit\u00ebs p\u00ebr forcimin e bashk\u00ebpunimit dypal\u00ebsh, e falenderoi Presidentin p\u00ebr kontributin e Austris\u00eb n\u00eb ndihm\u00eb [&hellip;]<\/p>\n","protected":false},"author":2013,"featured_media":123457,"comment_status":"open","ping_status":"closed","sticky":false,"template":"","format":"standard","meta":{"footnotes":""},"categories":[241,235],"tags":[],"class_list":{"0":"post-123456","1":"post","2":"type-post","3":"status-publish","4":"format-standard","5":"has-post-thumbnail","7":"category-aktualitet","8":"category-vendi"},"_links":{"self":[{"href":"https:\/\/zjarr.tv\/en\/wp-json\/wp\/v2\/posts\/123456","targetHints":{"allow":["GET"]}}],"collection":[{"href":"https:\/\/zjarr.tv\/en\/wp-json\/wp\/v2\/posts"}],"about":[{"href":"https:\/\/zjarr.tv\/en\/wp-json\/wp\/v2\/types\/post"}],"author":[{"embeddable":true,"href":"https:\/\/zjarr.tv\/en\/wp-json\/wp\/v2\/users\/2013"}],"replies":[{"embeddable":true,"href":"https:\/\/zjarr.tv\/en\/wp-json\/wp\/v2\/comments?post=123456"}],"version-history":[{"count":0,"href":"https:\/\/zjarr.tv\/en\/wp-json\/wp\/v2\/posts\/123456\/revisions"}],"wp:featuredmedia":[{"embeddable":true,"href":"https:\/\/zjarr.tv\/en\/wp-json\/wp\/v2\/media\/123457"}],"wp:attachment":[{"href":"https:\/\/zjarr.tv\/en\/wp-json\/wp\/v2\/media?parent=123456"}],"wp:term":[{"taxonomy":"category","embeddable":true,"href":"https:\/\/zjarr.tv\/en\/wp-json\/wp\/v2\/categories?post=123456"},{"taxonomy":"post_tag","embeddable":true,"href":"https:\/\/zjarr.tv\/en\/wp-json\/wp\/v2\/tags?post=123456"}],"curies":[{"name":"wp","href":"https:\/\/api.w.org\/{rel}","templated":true}]}}