{"id":123459,"date":"2020-03-07T14:17:18","date_gmt":"2020-03-07T13:17:18","guid":{"rendered":"https:\/\/zjarr.tv\/?p=123459"},"modified":"2020-03-07T14:17:18","modified_gmt":"2020-03-07T13:17:18","slug":"sot-sfidat-e-arsimit-jane-me-te-vogla-ministrja-shahini-uron-mesuesit-nga-mesonjetorja-e-pare-shqipe","status":"publish","type":"post","link":"https:\/\/zjarr.tv\/en\/sot-sfidat-e-arsimit-jane-me-te-vogla-ministrja-shahini-uron-mesuesit-nga-mesonjetorja-e-pare-shqipe\/","title":{"rendered":"\u201cSot, sfidat e arsimit jan\u00eb m\u00eb t\u00eb vogla\u201d, ministrja Shahini uron m\u00ebsuesit nga \u201cM\u00ebsonj\u00ebtorja e Par\u00eb shqipe\u201d"},"content":{"rendered":"<p>Ministrja e Arsimit, Besa Shahini, uron m\u00ebsuesit p\u00ebr \u201c7 Marsin\u201d. N\u00eb nj\u00eb postim n\u00eb \u201cFacebook\u201d, Shahini shkruan se k\u00ebt\u00eb 7 mars jan\u00eb mbledhur te \u201cM\u00ebsonj\u00ebtorja e Par\u00eb Shqipe\u201d p\u00ebr t\u00eb p\u00ebrkujtuar sakrific\u00ebn e themeluesve t\u00eb shkoll\u00ebs shqipe.<\/p>\n<p>Sipas ministres, \u201cSot, sfidat e arsimit shqip jan\u00eb t\u00eb ndryshme nga \u00e7far\u00eb kan\u00eb qen\u00eb ato t\u00eb themeluesve t\u00eb shkoll\u00ebs shqipe, por nuk jan\u00eb m\u00eb t\u00eb vogla\u201d, nd\u00ebrsa publikon disa foto me m\u00ebsues q\u00eb kan\u00eb sh\u00ebrbyer nd\u00ebr viten\u00eb arsimin shqiptar\u00eb dhe q\u00eb sot jan\u00eb n\u00eb pension.<\/p>\n<p><strong>Urimi i Shahinit:<\/strong><\/p>\n<p>T\u00eb dashur m\u00ebsues, G\u00ebzuar 7 Marsin!<\/p>\n<p>K\u00ebt\u00eb vit u mblodh\u00ebm tek \u201cM\u00ebsonj\u00ebtorja e Par\u00eb Shqipe\u201d dhe p\u00ebrkujtuam sakrific\u00ebn e themeluesve t\u00eb shkoll\u00ebs shqipe, por edhe t\u00eb gjith\u00eb m\u00ebsuesve q\u00eb erdh\u00ebn pas tyre, p\u00ebr t\u00eb ruajtur dhe kultivuar gjuh\u00ebn e kultur\u00ebn ton\u00eb. Shpreh\u00ebm mir\u00ebnjohjen ton\u00eb p\u00ebr m\u00ebsuesit pensionist\u00eb nga e gjith\u00eb Shqip\u00ebria, nd\u00ebrsa ata ndan\u00eb me ne k\u00ebshilla t\u00eb vyera p\u00ebr rrug\u00ebn q\u00eb kemi p\u00ebrpara.<\/p>\n<p>Sot, sfidat e arsimit shqip jan\u00eb t\u00eb ndryshme nga \u00e7far\u00eb kan\u00eb qen\u00eb ato t\u00eb themeluesve t\u00eb shkoll\u00ebs shqipe, por nuk jan\u00eb m\u00eb t\u00eb vogla. Na jep kurajo fakti q\u00eb rezultatet arsimore po p\u00ebrmir\u00ebsohen me shpejt\u00ebsin\u00eb m\u00eb t\u00eb madhe nga t\u00eb gjitha vendet pjes\u00ebmarr\u00ebse n\u00eb testin \u201cPISA\u201d. Kjo, fal\u00eb pun\u00ebs s\u00eb palodhur t\u00eb m\u00ebsuesve tan\u00eb.<\/p>\n<p>Faleminderit nga zemra!<\/p>\n<p><iframe loading=\"lazy\" src=\"https:\/\/www.facebook.com\/plugins\/post.php?href=https%3A%2F%2Fwww.facebook.com%2Fshahinibesa%2Fposts%2F2517624358494662&amp;width=500\" width=\"500\" height=\"795\" frameborder=\"0\" scrolling=\"no\" data-mce-fragment=\"1\"><\/iframe><\/p>","protected":false},"excerpt":{"rendered":"<p>Ministrja e Arsimit, Besa Shahini, uron m\u00ebsuesit p\u00ebr \u201c7 Marsin\u201d. N\u00eb nj\u00eb postim n\u00eb \u201cFacebook\u201d, Shahini shkruan se k\u00ebt\u00eb 7 mars jan\u00eb mbledhur te \u201cM\u00ebsonj\u00ebtorja e Par\u00eb Shqipe\u201d p\u00ebr t\u00eb p\u00ebrkujtuar sakrific\u00ebn e themeluesve t\u00eb shkoll\u00ebs shqipe. Sipas ministres, \u201cSot, sfidat e arsimit shqip jan\u00eb t\u00eb ndryshme nga \u00e7far\u00eb kan\u00eb qen\u00eb ato t\u00eb themeluesve t\u00eb [&hellip;]<\/p>\n","protected":false},"author":2013,"featured_media":123460,"comment_status":"open","ping_status":"closed","sticky":false,"template":"","format":"standard","meta":{"footnotes":""},"categories":[241,235],"tags":[],"class_list":{"0":"post-123459","1":"post","2":"type-post","3":"status-publish","4":"format-standard","5":"has-post-thumbnail","7":"category-aktualitet","8":"category-vendi"},"_links":{"self":[{"href":"https:\/\/zjarr.tv\/en\/wp-json\/wp\/v2\/posts\/123459","targetHints":{"allow":["GET"]}}],"collection":[{"href":"https:\/\/zjarr.tv\/en\/wp-json\/wp\/v2\/posts"}],"about":[{"href":"https:\/\/zjarr.tv\/en\/wp-json\/wp\/v2\/types\/post"}],"author":[{"embeddable":true,"href":"https:\/\/zjarr.tv\/en\/wp-json\/wp\/v2\/users\/2013"}],"replies":[{"embeddable":true,"href":"https:\/\/zjarr.tv\/en\/wp-json\/wp\/v2\/comments?post=123459"}],"version-history":[{"count":0,"href":"https:\/\/zjarr.tv\/en\/wp-json\/wp\/v2\/posts\/123459\/revisions"}],"wp:featuredmedia":[{"embeddable":true,"href":"https:\/\/zjarr.tv\/en\/wp-json\/wp\/v2\/media\/123460"}],"wp:attachment":[{"href":"https:\/\/zjarr.tv\/en\/wp-json\/wp\/v2\/media?parent=123459"}],"wp:term":[{"taxonomy":"category","embeddable":true,"href":"https:\/\/zjarr.tv\/en\/wp-json\/wp\/v2\/categories?post=123459"},{"taxonomy":"post_tag","embeddable":true,"href":"https:\/\/zjarr.tv\/en\/wp-json\/wp\/v2\/tags?post=123459"}],"curies":[{"name":"wp","href":"https:\/\/api.w.org\/{rel}","templated":true}]}}