{"id":123462,"date":"2020-03-07T14:18:33","date_gmt":"2020-03-07T13:18:33","guid":{"rendered":"https:\/\/zjarr.tv\/?p=123462"},"modified":"2020-03-07T14:18:33","modified_gmt":"2020-03-07T13:18:33","slug":"po-zgjerojme-harten-e-personave-qe-po-testohen-per-koronavirus-silva-bino-60-e-rasteve-nga-tirana","status":"publish","type":"post","link":"https:\/\/zjarr.tv\/en\/po-zgjerojme-harten-e-personave-qe-po-testohen-per-koronavirus-silva-bino-60-e-rasteve-nga-tirana\/","title":{"rendered":"\u201cPo zgjerojm\u00eb hart\u00ebn e personave q\u00eb po testohen p\u00ebr koronavirus\u201d, Silva Bino: 60% e rasteve nga Tirana"},"content":{"rendered":"<p>\u201cPo zgjerohet masa e personave q\u00eb po testohen p\u00ebr koronavirus.\u201d K\u00ebshtu deklaroi Shefe e Departamentit t\u00eb Epidemiologjis\u00eb dhe Kontrollit t\u00eb S\u00ebmundjeve Infektive n\u00eb Institutin e Sh\u00ebndetit Publik, Silva Bino.<\/p>\n<p>N\u00eb nj\u00eb deklarat\u00eb p\u00ebr mediat, Bino tha se masat jan\u00eb forcuar, nd\u00ebrsa theksoi se 60% e rasteve t\u00eb testuara, t\u00eb cilat kan\u00eb dal\u00eb negative deri m\u00eb tani, jan\u00eb nga Tirana. Po ashtu specialistja e ISHP-s\u00eb theksoi se vendi yn\u00eb ka kapacitet p\u00ebr ekzaminimet, duke shtuar se jan\u00eb p\u00ebrmir\u00ebsuar protokollet e menaxhimit. \u201cGjat\u00eb 24 or\u00ebve t\u00eb fundit jan\u00eb testuar edhe 5 raste t\u00eb reja n\u00eb Laboratorin e Virologjis\u00eb pran\u00eb ISHP t\u00eb cilat kan\u00eb rezultuar negative, pra kemi 58 raste negative. T\u00eb gjitha rastet kan\u00eb rezultuar negative p\u00ebr COVID 19,\u201d u shpreh Silva Bino.<\/p>\n<p>P\u00ebrfaq\u00ebsuesja e Task Forc\u00ebs theksoi se rastet e testuara kan\u00eb pasur shenja t\u00eb infeksionit respirator dhe histori udh\u00ebtimi me vendet ku ka shp\u00ebrthim epidemik dhe komunitar t\u00eb koronavirusit t\u00eb ri.<br \/>\n\u201cNe kemi zgjeruar edhe p\u00ebrkufizimin e rastit dhe po testojm\u00eb jo vet\u00ebm raste q\u00eb kan\u00eb shenja respiratore dhe histori udh\u00ebtimi, por edhe raste t\u00eb cilat kan\u00eb shenja t\u00eb s\u00ebmundjes s\u00eb r\u00ebnd\u00eb respiratore akute q\u00eb k\u00ebrkojn\u00eb hospitalizim dhe q\u00eb nuk kan\u00eb nj\u00eb shkak tjet\u00ebr q\u00eb t\u00eb shpjegoj\u00eb k\u00ebt\u00eb s\u00ebmundje. Rastet e testuara i p\u00ebrkasin kryesisht Tiran\u00ebs 60% e rasteve, Shkodr\u00ebs, Durr\u00ebsit, Fierit, Lezh\u00ebs dhe Vlor\u00ebs\u201d, tha Bino.<\/p>\n<p>Bino deklaroi se ISHP ka t\u00eb gjitha kapacitetet laboratorike n\u00eb p\u00ebr t\u00eb kryer diagnoz\u00ebn e COVID-19.<br \/>\n\u201cNe kemi kapacitetet tona n\u00eb Laboratorin e ISHP-s\u00eb ku kryhen t\u00eb gjitha ekzaminimet e nevojshme dhe t\u00eb besueshme. Theksoj se ne i kryejm\u00eb ekzaminimet tona duke pasur nj\u00eb kontroll pozitiv i cili vjen nga i nj\u00ebjti ofrues, Instituti Paster dhe Arkiva Europiane e Viruseve. Pra kur del kontrolli pozitiv, po t\u00eb jet\u00eb dhe mostra pozitive do t\u00eb dal\u00eb menj\u00ebher\u00eb aty\u201d, shpjegoi Bino.<\/p>\n<p>P\u00ebrfaq\u00ebsuesja e Task-Forc\u00ebs deklaroi se jan\u00eb p\u00ebrcaktuar protokollet e menaxhimit klinik t\u00eb rasteve, \u00ebsht\u00eb identifikuar se \u00e7far\u00eb duhet b\u00ebr\u00eb m\u00eb tej. Jan\u00eb p\u00ebrcaktuar spitalet ku do t\u00eb trajtohen rastet si dhe \u00ebsht\u00eb koordinuar puna paraprake p\u00ebr trajtimin e rasteve t\u00eb tjera q\u00eb kan\u00eb k\u00ebto spitale.<br \/>\nZnj. Bino b\u00ebri apel p\u00ebr bashk\u00ebpunimin nga ana e qytetar\u00ebve p\u00ebr rritjen e masave higjieno-sanitare.<br \/>\n\u201cVazhdoj t\u00eb p\u00ebrs\u00ebris masat e higjien\u00ebs, sepse p\u00ebrve\u00e7 k\u00ebtyre masave q\u00eb marrim ne, kemi nevoj\u00eb q\u00eb jo vet\u00ebm tani, por edhe kur t\u00eb izolojm\u00eb rastet e para, p\u00ebr bashk\u00ebpunimin e publikut. E kemi th\u00ebn\u00eb disa her\u00eb, por nuk \u00ebsht\u00eb asnj\u00eb gj\u00eb e keqe larja e duarve me uj\u00eb dhe me sapun. Larja e duarve, p\u00ebrdorimi i higjien\u00ebs respiratore, t\u00eb gjitha k\u00ebto jan\u00eb element\u00eb tep\u00ebr t\u00eb r\u00ebnd\u00ebsish\u00ebm\u201d, tha Bino.<\/p>\n<p>N\u00eb 24 or\u00ebt e fundit n\u00eb te gjitha pikat kufitare n\u00eb total kan\u00eb hyr\u00eb 20,339 udh\u00ebtar\u00eb, t\u00eb cil\u00ebt jan\u00eb vler\u00ebsuar, mb\u00ebshtetur n\u00eb survejanc\u00ebn e p\u00ebrforcuar p\u00ebr monitorimin e temperatur\u00ebs. N\u00eb 24 or\u00ebt e fundit n\u00eb nr. 127 ka patur 1727 thirrje, nga t\u00eb cilat 41 prej tyre jan\u00eb vler\u00ebsuar n\u00eb lidhje me infeksione virale respiratore dhe histori udh\u00ebtimi me Italin\u00eb. Ministria e Sh\u00ebndet\u00ebsis\u00eb dhe Mbrojtjes Sociale rekomandon p\u00ebr udh\u00ebtar\u00ebt q\u00eb kan\u00eb udh\u00ebtuar nga rajonet eprekura me shp\u00ebrthime komunitare dhe q\u00eb kan\u00eb patur kontakte me persona t\u00eb s\u00ebmure apo t\u00eb dyshuar p\u00ebr COVID19 t\u00eb vet\u00ebkarantinohen p\u00ebr nj\u00eb periudh\u00eb 14 ditore. Si dhe rekomandon qytetaret q\u00eb kan\u00eb udh\u00ebtuar n\u00eb vendet e prekura dhe kan\u00eb shenja t\u00eb infeksionit viral respirator t\u00eb telefonojn\u00eb 127 p\u00ebr t\u00eb marr\u00eb udh\u00ebzimet e duhura se si duhet t\u00eb veprojn\u00eb mb\u00ebshtetur n\u00eb gjendjen e tyre sh\u00ebndet\u00ebsore.<\/p>\n<div id=\"sticky-video--placeholder\"><\/div>","protected":false},"excerpt":{"rendered":"<p>\u201cPo zgjerohet masa e personave q\u00eb po testohen p\u00ebr koronavirus.\u201d K\u00ebshtu deklaroi Shefe e Departamentit t\u00eb Epidemiologjis\u00eb dhe Kontrollit t\u00eb S\u00ebmundjeve Infektive n\u00eb Institutin e Sh\u00ebndetit Publik, Silva Bino. N\u00eb nj\u00eb deklarat\u00eb p\u00ebr mediat, Bino tha se masat jan\u00eb forcuar, nd\u00ebrsa theksoi se 60% e rasteve t\u00eb testuara, t\u00eb cilat kan\u00eb dal\u00eb negative deri m\u00eb [&hellip;]<\/p>\n","protected":false},"author":2013,"featured_media":123463,"comment_status":"open","ping_status":"closed","sticky":false,"template":"","format":"standard","meta":{"footnotes":""},"categories":[241,235],"tags":[],"class_list":{"0":"post-123462","1":"post","2":"type-post","3":"status-publish","4":"format-standard","5":"has-post-thumbnail","7":"category-aktualitet","8":"category-vendi"},"_links":{"self":[{"href":"https:\/\/zjarr.tv\/en\/wp-json\/wp\/v2\/posts\/123462","targetHints":{"allow":["GET"]}}],"collection":[{"href":"https:\/\/zjarr.tv\/en\/wp-json\/wp\/v2\/posts"}],"about":[{"href":"https:\/\/zjarr.tv\/en\/wp-json\/wp\/v2\/types\/post"}],"author":[{"embeddable":true,"href":"https:\/\/zjarr.tv\/en\/wp-json\/wp\/v2\/users\/2013"}],"replies":[{"embeddable":true,"href":"https:\/\/zjarr.tv\/en\/wp-json\/wp\/v2\/comments?post=123462"}],"version-history":[{"count":0,"href":"https:\/\/zjarr.tv\/en\/wp-json\/wp\/v2\/posts\/123462\/revisions"}],"wp:featuredmedia":[{"embeddable":true,"href":"https:\/\/zjarr.tv\/en\/wp-json\/wp\/v2\/media\/123463"}],"wp:attachment":[{"href":"https:\/\/zjarr.tv\/en\/wp-json\/wp\/v2\/media?parent=123462"}],"wp:term":[{"taxonomy":"category","embeddable":true,"href":"https:\/\/zjarr.tv\/en\/wp-json\/wp\/v2\/categories?post=123462"},{"taxonomy":"post_tag","embeddable":true,"href":"https:\/\/zjarr.tv\/en\/wp-json\/wp\/v2\/tags?post=123462"}],"curies":[{"name":"wp","href":"https:\/\/api.w.org\/{rel}","templated":true}]}}