{"id":123465,"date":"2020-03-07T14:21:28","date_gmt":"2020-03-07T13:21:28","guid":{"rendered":"https:\/\/zjarr.tv\/?p=123465"},"modified":"2020-03-07T14:21:28","modified_gmt":"2020-03-07T13:21:28","slug":"balla-uron-7-marsin-nga-normalja-e-elbasanit","status":"publish","type":"post","link":"https:\/\/zjarr.tv\/en\/balla-uron-7-marsin-nga-normalja-e-elbasanit\/","title":{"rendered":"Balla uron 7 Marsin nga Normalja e Elbasanit"},"content":{"rendered":"<p>Kreu i grupit parlamentar t\u00eb PS-s\u00eb, Taulant Balla iu \u00ebsht\u00eb bashkuar urimeve me rastin e 7 Marsit.<\/p>\n<p>P\u00ebrmes nj\u00eb mesazhi n\u00eb \u2018Facebook\u2019 Balla ka treguar se ka zgjedhur t\u00eb jet\u00eb i pranish\u00ebm te Normalja e Elbasanit, ku p\u00ebrve\u00e7 urimeve q\u00eb i ka p\u00ebrcjell\u00eb m\u00ebsuesve t\u00eb k\u00ebsaj shkolle, shp\u00ebrndau p\u00ebr ta dhe certifikata p\u00ebr kontributin e tyre t\u00eb jasht\u00ebzakonsh\u00ebm.<\/p>\n<div id=\"sticky-video--close-button\" class=\"sticky-video--close-button-visible\"><\/div>\n<p><iframe src=\"https:\/\/www.facebook.com\/plugins\/video.php?href=https%3A%2F%2Fwww.facebook.com%2Fb.taulant%2Fvideos%2F1546928242129660%2F&amp;show_text=0&amp;width=560\" frameborder=\"0\" scrolling=\"no\" allowfullscreen=\"allowfullscreen\" data-sticky-video-state=\"sticky\" data-mce-fragment=\"1\"><\/iframe><br \/>\n<strong>MESAZHI I BALL\u00cbS<\/strong><\/p>\n<div id=\"pa_1x1_psbk_1583587257263\"><\/div>\n<p>\ud83c\udf39Me p\u00ebrulje dhe mir\u00ebnjohje sot uroj t\u00eb gjith\u00eb arsimtar\u00ebt G\u00ebzuar 7 Marsin!<br \/>\n110 vite m\u00eb par\u00eb Normalja e Elbasanit do t\u00eb niste misionin e saj p\u00ebr t\u00eb p\u00ebrhapur dije n\u00eb t\u00eb gjith\u00eb trojet shqiptare\ud83d\udcd6\ud83d\udcda<br \/>\nNga Normalja e Elbasanit uruam m\u00ebsuesit n\u00eb k\u00ebt\u00eb 7 Mars duke shp\u00ebrndar\u00eb edhe certifikata p\u00ebr kontributin e tyre t\u00eb jasht\u00ebzakonsh\u00ebm.<br \/>\nFaleminderit dhe p\u00ebrulje p\u00ebr pun\u00ebn dhe sakrificat tuaja!\ud83d\ude4f<\/p>","protected":false},"excerpt":{"rendered":"<p>Kreu i grupit parlamentar t\u00eb PS-s\u00eb, Taulant Balla iu \u00ebsht\u00eb bashkuar urimeve me rastin e 7 Marsit. P\u00ebrmes nj\u00eb mesazhi n\u00eb \u2018Facebook\u2019 Balla ka treguar se ka zgjedhur t\u00eb jet\u00eb i pranish\u00ebm te Normalja e Elbasanit, ku p\u00ebrve\u00e7 urimeve q\u00eb i ka p\u00ebrcjell\u00eb m\u00ebsuesve t\u00eb k\u00ebsaj shkolle, shp\u00ebrndau p\u00ebr ta dhe certifikata p\u00ebr kontributin e [&hellip;]<\/p>\n","protected":false},"author":2013,"featured_media":122455,"comment_status":"open","ping_status":"closed","sticky":false,"template":"","format":"standard","meta":{"footnotes":""},"categories":[241,235],"tags":[],"class_list":{"0":"post-123465","1":"post","2":"type-post","3":"status-publish","4":"format-standard","5":"has-post-thumbnail","7":"category-aktualitet","8":"category-vendi"},"_links":{"self":[{"href":"https:\/\/zjarr.tv\/en\/wp-json\/wp\/v2\/posts\/123465","targetHints":{"allow":["GET"]}}],"collection":[{"href":"https:\/\/zjarr.tv\/en\/wp-json\/wp\/v2\/posts"}],"about":[{"href":"https:\/\/zjarr.tv\/en\/wp-json\/wp\/v2\/types\/post"}],"author":[{"embeddable":true,"href":"https:\/\/zjarr.tv\/en\/wp-json\/wp\/v2\/users\/2013"}],"replies":[{"embeddable":true,"href":"https:\/\/zjarr.tv\/en\/wp-json\/wp\/v2\/comments?post=123465"}],"version-history":[{"count":0,"href":"https:\/\/zjarr.tv\/en\/wp-json\/wp\/v2\/posts\/123465\/revisions"}],"wp:featuredmedia":[{"embeddable":true,"href":"https:\/\/zjarr.tv\/en\/wp-json\/wp\/v2\/media\/122455"}],"wp:attachment":[{"href":"https:\/\/zjarr.tv\/en\/wp-json\/wp\/v2\/media?parent=123465"}],"wp:term":[{"taxonomy":"category","embeddable":true,"href":"https:\/\/zjarr.tv\/en\/wp-json\/wp\/v2\/categories?post=123465"},{"taxonomy":"post_tag","embeddable":true,"href":"https:\/\/zjarr.tv\/en\/wp-json\/wp\/v2\/tags?post=123465"}],"curies":[{"name":"wp","href":"https:\/\/api.w.org\/{rel}","templated":true}]}}