{"id":123467,"date":"2020-03-07T14:26:09","date_gmt":"2020-03-07T13:26:09","guid":{"rendered":"https:\/\/zjarr.tv\/?p=123467"},"modified":"2020-03-07T14:26:09","modified_gmt":"2020-03-07T13:26:09","slug":"nisemi-cdo-dite-ne-0630-nxenesit-e-shkolles-se-mbyllur-ankohen-te-basha-kryedemokrati-do-bejme-gjithcka-qe-njerezit-te-mos-ikin","status":"publish","type":"post","link":"https:\/\/zjarr.tv\/en\/nisemi-cdo-dite-ne-0630-nxenesit-e-shkolles-se-mbyllur-ankohen-te-basha-kryedemokrati-do-bejme-gjithcka-qe-njerezit-te-mos-ikin\/","title":{"rendered":"\u201cNisemi \u00e7do dit\u00eb n\u00eb 06:30\u201d, nx\u00ebn\u00ebsit e shkoll\u00ebs s\u00eb mbyllur ankohen te Basha, kryedemokrati: Do b\u00ebjm\u00eb gjith\u00e7ka q\u00eb njer\u00ebzit t\u00eb mos ikin"},"content":{"rendered":"<p>Kreu i Partis\u00eb Demokratike, Lulzim Basha, ka zhvilluar k\u00ebt\u00eb 7 mars bashk\u00ebbisedim me prind\u00ebr dhe nx\u00ebn\u00ebs t\u00eb shkoll\u00ebs 9-vje\u00e7are \u201cShtjef\u00ebn Ma\u00e7i\u201d, n\u00eb Daj\u00e7 t\u00eb Shkodr\u00ebs. Sipas Bash\u00ebs, kjo shkoll\u00eb ka mbyllur dyert k\u00ebt\u00eb vit, p\u00ebr shkak t\u00eb largimit t\u00eb shum\u00eb banor\u00ebve t\u00eb k\u00ebsaj zone nga Shqip\u00ebria.Prind\u00ebrit i tregojn\u00eb kryedemokratit se f\u00ebmij\u00ebt jan\u00eb zhvendosur larg, n\u00eb Daj\u00e7 t\u00eb ri ose n\u00eb Shkod\u00ebr, p\u00ebr t\u00eb ndjekur m\u00ebsimet, pas mbylljes s\u00eb shkoll\u00ebs.<\/p>\n<p>Nga ana tjet\u00ebr, f\u00ebmij\u00ebt i than\u00eb Bash\u00ebs se udh\u00ebtojn\u00eb \u00e7do dit\u00eb me furgon n\u00eb or\u00ebn 6.30 p\u00ebr t\u00eb shkuar n\u00eb shkoll\u00eb n\u00eb Shkod\u00ebr dhe kthehen pas or\u00ebs 14.00, duke e b\u00ebr\u00eb t\u00eb mundimsh\u00ebm rrug\u00ebn p\u00ebr shkoll\u00eb.<\/p>\n<p>\u201cDo t\u00eb b\u00ebj gjith\u00e7ka q\u00eb njer\u00ebzit t\u00eb mos ikin as nga Daj\u00e7i, as nga Shkodra dhe p\u00ebr k\u00ebt\u00eb m\u00eb duhet ndihma e t\u00eb gjith\u00ebve. Ne do t\u00eb garantojm\u00eb shkolla t\u00eb hapura n\u00eb \u00e7do cep t\u00eb Shqip\u00ebris\u00eb dhe me alternativ\u00ebn ton\u00eb p\u00ebr transformimin ekonomik t\u00eb vendit do t\u2019i japim fund largimit masiv t\u00eb shqiptar\u00ebve\u201d, tha Basha.<\/p>\n<p>Nd\u00ebrkoh\u00eb, duke e shoq\u00ebruar bashk\u00ebbisedimin me nj\u00eb video n\u00eb \u201cfacebook\u201d, kreu i PD shkruan \u201cN\u00eb Daj\u00e7 me nx\u00ebn\u00ebs dhe prind\u00ebr n\u00eb shkoll\u00ebn 9 vjecare \u201cShtjef\u00ebn Ma\u00e7i\u201d e cila ka mbyllur dyert k\u00ebt\u00eb vit p\u00ebr shkak t\u00eb largimit t\u00eb shum\u00eb banor\u00ebve t\u00eb k\u00ebsaj zone nga Shqip\u00ebria. Trishtimi dhe v\u00ebshtir\u00ebsit\u00eb e k\u00ebtyre f\u00ebmij\u00ebve q\u00eb udh\u00ebtojn\u00eb me or\u00eb t\u00eb t\u00ebra p\u00ebrdit\u00eb p\u00ebr t\u00eb shkuar n\u00eb shkoll\u00eb, duhet t\u00eb marrin fund. Ne do t\u00eb garantojm\u00eb shkolla t\u00eb hapura n\u00eb \u00e7do cep t\u00eb Shqip\u00ebris\u00eb dhe me alternativ\u00ebn ton\u00eb p\u00ebr transformimin ekonomik t\u00eb vendit, do t\u2019i japim fund largimit masiv t\u00eb shqiptar\u00ebve. #Pot\u00ebD\u00ebgjoj #dit\u00ebm\u00ebt\u00ebmira\u201d.<\/p>","protected":false},"excerpt":{"rendered":"<p>Kreu i Partis\u00eb Demokratike, Lulzim Basha, ka zhvilluar k\u00ebt\u00eb 7 mars bashk\u00ebbisedim me prind\u00ebr dhe nx\u00ebn\u00ebs t\u00eb shkoll\u00ebs 9-vje\u00e7are \u201cShtjef\u00ebn Ma\u00e7i\u201d, n\u00eb Daj\u00e7 t\u00eb Shkodr\u00ebs. Sipas Bash\u00ebs, kjo shkoll\u00eb ka mbyllur dyert k\u00ebt\u00eb vit, p\u00ebr shkak t\u00eb largimit t\u00eb shum\u00eb banor\u00ebve t\u00eb k\u00ebsaj zone nga Shqip\u00ebria.Prind\u00ebrit i tregojn\u00eb kryedemokratit se f\u00ebmij\u00ebt jan\u00eb zhvendosur larg, n\u00eb [&hellip;]<\/p>\n","protected":false},"author":2013,"featured_media":123468,"comment_status":"open","ping_status":"closed","sticky":false,"template":"","format":"standard","meta":{"footnotes":""},"categories":[241,235],"tags":[],"class_list":{"0":"post-123467","1":"post","2":"type-post","3":"status-publish","4":"format-standard","5":"has-post-thumbnail","7":"category-aktualitet","8":"category-vendi"},"_links":{"self":[{"href":"https:\/\/zjarr.tv\/en\/wp-json\/wp\/v2\/posts\/123467","targetHints":{"allow":["GET"]}}],"collection":[{"href":"https:\/\/zjarr.tv\/en\/wp-json\/wp\/v2\/posts"}],"about":[{"href":"https:\/\/zjarr.tv\/en\/wp-json\/wp\/v2\/types\/post"}],"author":[{"embeddable":true,"href":"https:\/\/zjarr.tv\/en\/wp-json\/wp\/v2\/users\/2013"}],"replies":[{"embeddable":true,"href":"https:\/\/zjarr.tv\/en\/wp-json\/wp\/v2\/comments?post=123467"}],"version-history":[{"count":0,"href":"https:\/\/zjarr.tv\/en\/wp-json\/wp\/v2\/posts\/123467\/revisions"}],"wp:featuredmedia":[{"embeddable":true,"href":"https:\/\/zjarr.tv\/en\/wp-json\/wp\/v2\/media\/123468"}],"wp:attachment":[{"href":"https:\/\/zjarr.tv\/en\/wp-json\/wp\/v2\/media?parent=123467"}],"wp:term":[{"taxonomy":"category","embeddable":true,"href":"https:\/\/zjarr.tv\/en\/wp-json\/wp\/v2\/categories?post=123467"},{"taxonomy":"post_tag","embeddable":true,"href":"https:\/\/zjarr.tv\/en\/wp-json\/wp\/v2\/tags?post=123467"}],"curies":[{"name":"wp","href":"https:\/\/api.w.org\/{rel}","templated":true}]}}