{"id":123475,"date":"2020-03-07T14:55:24","date_gmt":"2020-03-07T13:55:24","guid":{"rendered":"https:\/\/zjarr.tv\/?p=123475"},"modified":"2020-03-07T14:55:24","modified_gmt":"2020-03-07T13:55:24","slug":"grate-dhunohen-gjykatat-heshtin-pafuqia-e-shtetit-flet-me-riperseritjen-e-dhunes","status":"publish","type":"post","link":"https:\/\/zjarr.tv\/en\/grate-dhunohen-gjykatat-heshtin-pafuqia-e-shtetit-flet-me-riperseritjen-e-dhunes\/","title":{"rendered":"Grat\u00eb dhunohen, gjykatat heshtin, pafuqia e shtetit flet me rip\u00ebrs\u00ebritjen e dhun\u00ebs"},"content":{"rendered":"<p><em>Brenda 24 or\u00ebve dy gra kan\u00eb denoncuar burrat p\u00ebr dhun\u00eb. Madje nj\u00eb prej tyre ka p\u00ebrfunduar n\u00eb spital pasi u godit me bishtin e s\u00ebpat\u00ebs. N\u00eb prag t\u00eb dit\u00ebs nd\u00ebrkomb\u00ebtare t\u00eb grave shifrat e dhun\u00ebs n\u00eb familje jan\u00eb tragjike. Nd\u00ebrsa psikolog\u00ebt akuzojn\u00eb se jo vet\u00ebm n\u00eb familje, por dhe n\u00eb polici e gjykat\u00eb gjen mentalitetin ku grat\u00eb nuk kan\u00eb t\u00eb drejta<\/em><\/p>\n<p>Dy gra jan\u00eb vrar\u00eb prej burrave n\u00eb Durr\u00ebs n\u00eb k\u00ebt\u00eb tre mujor t\u00eb par\u00eb t\u00eb vitit. Nj\u00eb prej tyre kishte madje edhe urdh\u00ebr mbrojtje.<\/p>\n<p>Por k\u00ebto jan\u00eb vet\u00ebm rastet ekstreme q\u00eb sjellin tronditjen e opinionit, n\u00eb gjykat\u00eb n\u00eb heshtje nj\u00eb num\u00ebr i lart\u00eb grash denoncojn\u00eb bashk\u00ebshort\u00ebt.<\/p>\n<p>M\u00eb i fundit u sh\u00ebnuar mbr\u00ebmjen e s\u00eb premtes, pak or\u00eb nga dita nd\u00ebrkomb\u00ebtare e gruas.<\/p>\n<p>Nj\u00eb 42-vje\u00e7are u godit me bishtin e s\u00ebpat\u00ebs nga bashk\u00ebshorti i cili m\u00eb pas tentoi vet\u00ebvrasjen.<\/p>\n<p>Ngjarja ndodhi n\u00eb sy t\u00eb f\u00ebmij\u00ebve. Shkak ishte k\u00ebrkesa e gruas p\u00ebr tu ndar\u00eb nga burri, q\u00eb sipas familjar\u00ebve ishte i dhunsh\u00ebm.<\/p>\n<p>Pas d\u00ebshmis\u00eb t\u00eb gruas n\u00eb spital, burrit iu vun\u00eb prangat.<\/p>\n<p><em>&#8220;Pothuajse p\u00ebr \u00e7do 8 mars ka pasur gjithmon\u00eb nj\u00eb bilanc tragjik t\u00eb vrasjeve t\u00eb grave.&#8221;<\/em><\/p>\n<p>Por pafuqia e shtetit flet me rip\u00ebrs\u00ebritjen e dhun\u00ebs edhe pse me urdh\u00ebr mbrojtje.<\/p>\n<p><em>&#8220;Tani grat\u00eb e kan\u00eb fuqin\u00eb p\u00ebr t\u00eb shkuar dhe p\u00ebr t\u00eb denoncuar dhun\u00ebn.&#8221;<\/em><\/p>\n<p>P\u00ebr psikolog\u00ebt shqet\u00ebsues \u00ebsht\u00eb fakti jo vet\u00ebm i mentalitetit t\u00eb meshkujve, por shpesh t\u00eb uniformave blu madje edhe t\u00eb vet\u00eb gjyqtar\u00ebve.<\/p>\n<p><em>&#8220;Nj\u00eb grua kur shkon t\u00eb b\u00ebj\u00eb denoncimin p\u00ebrballet me nj\u00eb polic dhe me nj\u00eb efektiv,i cili s\u00ebrish dhunon gruan e tij n\u00eb sht\u00ebpi, apo kemi raste q\u00eb edhe gjyqtar\u00ebt mund t\u00eb mbajn\u00eb m\u00eb tep\u00ebr an\u00ebn dhunuesit, ose nuk i japin r\u00ebnd\u00ebsin\u00eb e duhur, deri n\u00eb at\u00eb pik\u00eb q\u00eb dhunuesi kthehet n\u00eb sht\u00ebpi, aq sa mund t\u00eb kemi viktima dhe themi pse ndodhi.&#8221;<\/em><\/p>\n<p>Fenomeni haset thuajse n\u00eb t\u00eb gjith\u00eb vendin. N\u00eb Vlor\u00eb nj\u00eb 31-vje\u00e7ar u vu n\u00eb pranga pasi dhunoi fizikisht dhe psikologjikisht bashk\u00ebshorten 19-vje\u00e7are. Vet\u00ebm n\u00eb tiran\u00eb n\u00eb dy muaj jan\u00eb dh\u00ebn\u00eb 15 urdhra mbrojtje nga gjykata, prej t\u00eb cilave vet\u00ebm 1 \u00ebsht\u00eb ankimuar<\/p>","protected":false},"excerpt":{"rendered":"<p>Brenda 24 or\u00ebve dy gra kan\u00eb denoncuar burrat p\u00ebr dhun\u00eb. Madje nj\u00eb prej tyre ka p\u00ebrfunduar n\u00eb spital pasi u godit me bishtin e s\u00ebpat\u00ebs. N\u00eb prag t\u00eb dit\u00ebs nd\u00ebrkomb\u00ebtare t\u00eb grave shifrat e dhun\u00ebs n\u00eb familje jan\u00eb tragjike. Nd\u00ebrsa psikolog\u00ebt akuzojn\u00eb se jo vet\u00ebm n\u00eb familje, por dhe n\u00eb polici e gjykat\u00eb gjen mentalitetin [&hellip;]<\/p>\n","protected":false},"author":2013,"featured_media":123476,"comment_status":"open","ping_status":"closed","sticky":false,"template":"","format":"standard","meta":{"footnotes":""},"categories":[241,235],"tags":[],"class_list":{"0":"post-123475","1":"post","2":"type-post","3":"status-publish","4":"format-standard","5":"has-post-thumbnail","7":"category-aktualitet","8":"category-vendi"},"_links":{"self":[{"href":"https:\/\/zjarr.tv\/en\/wp-json\/wp\/v2\/posts\/123475","targetHints":{"allow":["GET"]}}],"collection":[{"href":"https:\/\/zjarr.tv\/en\/wp-json\/wp\/v2\/posts"}],"about":[{"href":"https:\/\/zjarr.tv\/en\/wp-json\/wp\/v2\/types\/post"}],"author":[{"embeddable":true,"href":"https:\/\/zjarr.tv\/en\/wp-json\/wp\/v2\/users\/2013"}],"replies":[{"embeddable":true,"href":"https:\/\/zjarr.tv\/en\/wp-json\/wp\/v2\/comments?post=123475"}],"version-history":[{"count":0,"href":"https:\/\/zjarr.tv\/en\/wp-json\/wp\/v2\/posts\/123475\/revisions"}],"wp:featuredmedia":[{"embeddable":true,"href":"https:\/\/zjarr.tv\/en\/wp-json\/wp\/v2\/media\/123476"}],"wp:attachment":[{"href":"https:\/\/zjarr.tv\/en\/wp-json\/wp\/v2\/media?parent=123475"}],"wp:term":[{"taxonomy":"category","embeddable":true,"href":"https:\/\/zjarr.tv\/en\/wp-json\/wp\/v2\/categories?post=123475"},{"taxonomy":"post_tag","embeddable":true,"href":"https:\/\/zjarr.tv\/en\/wp-json\/wp\/v2\/tags?post=123475"}],"curies":[{"name":"wp","href":"https:\/\/api.w.org\/{rel}","templated":true}]}}