{"id":123478,"date":"2020-03-07T14:56:36","date_gmt":"2020-03-07T13:56:36","guid":{"rendered":"https:\/\/zjarr.tv\/?p=123478"},"modified":"2020-03-07T14:56:36","modified_gmt":"2020-03-07T13:56:36","slug":"proteste-ne-7-mars-vetevendosja-shahini-te-nderhyje-urgjent-ka-dhune-ne-shkolla","status":"publish","type":"post","link":"https:\/\/zjarr.tv\/en\/proteste-ne-7-mars-vetevendosja-shahini-te-nderhyje-urgjent-ka-dhune-ne-shkolla\/","title":{"rendered":"Protest\u00eb n\u00eb 7 mars, Vet\u00ebvendosja: Shahini t\u00eb nd\u00ebrhyj\u00eb urgjent, ka dhun\u00eb n\u00eb shkolla"},"content":{"rendered":"<p><em>L\u00ebvizja p\u00ebr vet\u00ebvendosje n\u00eb shqip\u00ebri k\u00ebrkon reagimin urgjent t\u00eb ministris\u00eb s\u00eb arsimit.P\u00ebrmes nj\u00eb proteste jan\u00eb denoncuar rastet e dhun\u00ebs n\u00eb shkolla si dhe mungesa e reflektimit prej institucioneve t\u00eb arsimit<\/em><\/p>\n<p>Ministrja e Arsimit, Besa Shahini, ka uruar k\u00ebt\u00eb t\u00eb shtun\u00eb nga M\u00ebsonj\u00ebtorja e Par\u00eb Shqipe n\u00eb Kor\u00e7\u00eb, t\u00eb gjith\u00eb m\u00ebsuesit p\u00ebr 7-marsin duke th\u00ebn\u00eb se rezultatet n\u00eb arsim jan\u00eb p\u00ebrmir\u00ebsuar fal\u00eb pun\u00ebs s\u00eb tyre.<\/p>\n<p>Por p\u00ebr aktivist\u00ebt e L\u00ebvizjes Vet\u00ebvendosje jan\u00eb pik\u00ebrisht institucionet arsimore ku po ndodhin krimet e abuzimet m\u00eb t\u00eb m\u00ebdha.<\/p>\n<p><em>\u201cVet\u00ebm para pak koh\u00ebsh ishim d\u00ebshmitar t\u00eb nj\u00eb incizimi ku profesori i gjimnazit ngacmoi seksualisht nx\u00ebn\u00ebsen n\u00eb form\u00eb shantazhi dhe k\u00ebrc\u00ebnimi. Vet\u00ebm pak dit\u00eb kan\u00eb kaluar nga p\u00ebrdhunimi i nj\u00eb gjimnazisteje nga dy bashk\u00ebmoshatar\u00ebt e vet\u00eb. Nd\u00ebrkoh\u00eb q\u00eb 4 bashk\u00ebmoshatar\u00eb t\u00eb tjer\u00eb jan\u00eb akuzuar p\u00ebr ngacmim seksual p\u00ebrmes shantazhit me video. Vitin e kaluar pat\u00ebm nj\u00eb rast t\u00eb ngjash\u00ebm n\u00eb nj\u00eb tjet\u00ebr qytet, ku s\u00ebrish, p\u00ebrmes shantazhit me video nj\u00eb nx\u00ebn\u00ebse u p\u00ebrdhunua nga bashk\u00ebmoshatar\u00eb gjimnazist\u00eb. Ajo q\u00eb \u00ebsht\u00eb m\u00eb e r\u00ebnd\u00eb \u00ebsht\u00eb se ky fakt erdhi nga stafi por nuk ishte b\u00ebr\u00eb denoncimi. Denoncimin e b\u00ebri pastruesja e shkoll\u00ebs.\u201d<\/em><\/p>\n<p>P\u00ebrfaq\u00ebsuesit e vet\u00ebvendosjes thon\u00eb se Ministria e Arsimit duhet t\u00eb kishte emrin Ministria e Abuzimit.<\/p>\n<p><em>\u201cMinistria duhet t\u00eb vendos\u00eb q\u00eb me nj\u00eb nd\u00ebrhyrje gjith\u00ebp\u00ebrfshir\u00ebse t\u00eb gjith\u00eb institucionale t\u00eb b\u00ebhet ashtu si\u00e7 e ka emrin, Ministria e Arsimit, dhe jo menaxhere q\u00eb administron kriz\u00ebn n\u00eb dhun\u00ebn mbi vajzat sikur ta kishte emrin Ministria e Abuzimit.\u201d<\/em><\/p>\n<p>Sipas tyre ministria e arsimit duhet t\u00eb nis\u00eb nj\u00eb nd\u00ebrhyrje gjith\u00ebp\u00ebrfshir\u00ebse ku t\u00eb p\u00ebrfshihen t\u00eb gjith\u00eb institucionet e nevojshme.<\/p>","protected":false},"excerpt":{"rendered":"<p>L\u00ebvizja p\u00ebr vet\u00ebvendosje n\u00eb shqip\u00ebri k\u00ebrkon reagimin urgjent t\u00eb ministris\u00eb s\u00eb arsimit.P\u00ebrmes nj\u00eb proteste jan\u00eb denoncuar rastet e dhun\u00ebs n\u00eb shkolla si dhe mungesa e reflektimit prej institucioneve t\u00eb arsimit Ministrja e Arsimit, Besa Shahini, ka uruar k\u00ebt\u00eb t\u00eb shtun\u00eb nga M\u00ebsonj\u00ebtorja e Par\u00eb Shqipe n\u00eb Kor\u00e7\u00eb, t\u00eb gjith\u00eb m\u00ebsuesit p\u00ebr 7-marsin duke th\u00ebn\u00eb se [&hellip;]<\/p>\n","protected":false},"author":2013,"featured_media":123479,"comment_status":"open","ping_status":"closed","sticky":false,"template":"","format":"standard","meta":{"footnotes":""},"categories":[241,235],"tags":[],"class_list":{"0":"post-123478","1":"post","2":"type-post","3":"status-publish","4":"format-standard","5":"has-post-thumbnail","7":"category-aktualitet","8":"category-vendi"},"_links":{"self":[{"href":"https:\/\/zjarr.tv\/en\/wp-json\/wp\/v2\/posts\/123478","targetHints":{"allow":["GET"]}}],"collection":[{"href":"https:\/\/zjarr.tv\/en\/wp-json\/wp\/v2\/posts"}],"about":[{"href":"https:\/\/zjarr.tv\/en\/wp-json\/wp\/v2\/types\/post"}],"author":[{"embeddable":true,"href":"https:\/\/zjarr.tv\/en\/wp-json\/wp\/v2\/users\/2013"}],"replies":[{"embeddable":true,"href":"https:\/\/zjarr.tv\/en\/wp-json\/wp\/v2\/comments?post=123478"}],"version-history":[{"count":0,"href":"https:\/\/zjarr.tv\/en\/wp-json\/wp\/v2\/posts\/123478\/revisions"}],"wp:featuredmedia":[{"embeddable":true,"href":"https:\/\/zjarr.tv\/en\/wp-json\/wp\/v2\/media\/123479"}],"wp:attachment":[{"href":"https:\/\/zjarr.tv\/en\/wp-json\/wp\/v2\/media?parent=123478"}],"wp:term":[{"taxonomy":"category","embeddable":true,"href":"https:\/\/zjarr.tv\/en\/wp-json\/wp\/v2\/categories?post=123478"},{"taxonomy":"post_tag","embeddable":true,"href":"https:\/\/zjarr.tv\/en\/wp-json\/wp\/v2\/tags?post=123478"}],"curies":[{"name":"wp","href":"https:\/\/api.w.org\/{rel}","templated":true}]}}