{"id":123481,"date":"2020-03-07T15:02:11","date_gmt":"2020-03-07T14:02:11","guid":{"rendered":"https:\/\/zjarr.tv\/?p=123481"},"modified":"2020-03-07T15:02:11","modified_gmt":"2020-03-07T14:02:11","slug":"korca-celet-ekspozita-per-mesonjetore-e-pare-shqipe","status":"publish","type":"post","link":"https:\/\/zjarr.tv\/en\/korca-celet-ekspozita-per-mesonjetore-e-pare-shqipe\/","title":{"rendered":"\u201cKor\u00e7a, \u00e7elet ekspozita p\u00ebr M\u00ebsonj\u00ebtore e par\u00eb shqipe"},"content":{"rendered":"<p>\u201cKor\u00e7a, Zemra e Shqiptaris\u00eb\u201d \u00ebsht\u00eb ekspozita q\u00eb u \u00e7el k\u00ebt\u00eb 7 mars n\u00eb qytetin e Kor\u00e7\u00ebs me dokumente dhe fotografi mbi Mesonjetoren e pare shqipe gjate Rilindjes Kombetare. Drejtoria e p\u00ebrgjithshme e arkiv\u00ebs n\u00eb bashk\u00ebpunim me bashkin\u00eb Kor\u00e7\u00eb, zgjodh\u00ebn k\u00ebt\u00eb dit\u00eb p\u00ebr t\u00eb realizuar\u00a0 ekspozit\u00ebn q\u00eb d\u00ebshmon p\u00ebrpjekjet p\u00ebr themelimin, hapjen e M\u00ebsonj\u00ebtores s\u00eb par\u00eb shqipe dhe librat m\u00eb t\u00eb cilat m\u00ebsohej n\u00eb k\u00ebt\u00eb shkoll\u00eb.<\/p>\n<p>Drejtori i Arkiv\u00ebs s\u00eb Shtetit, Ardit Bida tha se n\u00eb Arkiva ka ende dokumenta t\u00eb tjera t\u00eb ruajtura q\u00eb tregojn\u00eb jo vet\u00ebm p\u00ebr M\u00ebsonj\u00ebtoren por edhe veprimtarin\u00eb e personaliteteve t\u00eb cil\u00ebt mund\u00ebsuan \u00e7elj\u00ebn e shkoll\u00ebs s\u00eb par\u00eb shqipe.<\/p>\n<p>N\u00eb k\u00ebt\u00eb ekspozit\u00eb u pa nga af\u00ebr edhe Leja e posa\u00e7me perandorake dh\u00ebn\u00eb Nu\u00e7i Na\u00e7it, drejtor i M\u00ebsonj\u00ebtores, p\u00ebr \u00e7eljen e shkoll\u00ebs fillore n\u00eb gjuh\u00ebn shqipe e njohur si M\u00ebsonj\u00ebtorja e Kor\u00e7\u00ebs, Abetaren e Naum Veqilharxhit si dhe dor\u00ebshkrimet ku b\u00ebn thirrje p\u00ebr m\u00ebsimin e gjuh\u00ebs shqipe.<\/p>","protected":false},"excerpt":{"rendered":"<p>\u201cKor\u00e7a, Zemra e Shqiptaris\u00eb\u201d \u00ebsht\u00eb ekspozita q\u00eb u \u00e7el k\u00ebt\u00eb 7 mars n\u00eb qytetin e Kor\u00e7\u00ebs me dokumente dhe fotografi mbi Mesonjetoren e pare shqipe gjate Rilindjes Kombetare. Drejtoria e p\u00ebrgjithshme e arkiv\u00ebs n\u00eb bashk\u00ebpunim me bashkin\u00eb Kor\u00e7\u00eb, zgjodh\u00ebn k\u00ebt\u00eb dit\u00eb p\u00ebr t\u00eb realizuar\u00a0 ekspozit\u00ebn q\u00eb d\u00ebshmon p\u00ebrpjekjet p\u00ebr themelimin, hapjen e M\u00ebsonj\u00ebtores s\u00eb par\u00eb [&hellip;]<\/p>\n","protected":false},"author":2013,"featured_media":123482,"comment_status":"open","ping_status":"closed","sticky":false,"template":"","format":"standard","meta":{"footnotes":""},"categories":[241,235],"tags":[],"class_list":{"0":"post-123481","1":"post","2":"type-post","3":"status-publish","4":"format-standard","5":"has-post-thumbnail","7":"category-aktualitet","8":"category-vendi"},"_links":{"self":[{"href":"https:\/\/zjarr.tv\/en\/wp-json\/wp\/v2\/posts\/123481","targetHints":{"allow":["GET"]}}],"collection":[{"href":"https:\/\/zjarr.tv\/en\/wp-json\/wp\/v2\/posts"}],"about":[{"href":"https:\/\/zjarr.tv\/en\/wp-json\/wp\/v2\/types\/post"}],"author":[{"embeddable":true,"href":"https:\/\/zjarr.tv\/en\/wp-json\/wp\/v2\/users\/2013"}],"replies":[{"embeddable":true,"href":"https:\/\/zjarr.tv\/en\/wp-json\/wp\/v2\/comments?post=123481"}],"version-history":[{"count":0,"href":"https:\/\/zjarr.tv\/en\/wp-json\/wp\/v2\/posts\/123481\/revisions"}],"wp:featuredmedia":[{"embeddable":true,"href":"https:\/\/zjarr.tv\/en\/wp-json\/wp\/v2\/media\/123482"}],"wp:attachment":[{"href":"https:\/\/zjarr.tv\/en\/wp-json\/wp\/v2\/media?parent=123481"}],"wp:term":[{"taxonomy":"category","embeddable":true,"href":"https:\/\/zjarr.tv\/en\/wp-json\/wp\/v2\/categories?post=123481"},{"taxonomy":"post_tag","embeddable":true,"href":"https:\/\/zjarr.tv\/en\/wp-json\/wp\/v2\/tags?post=123481"}],"curies":[{"name":"wp","href":"https:\/\/api.w.org\/{rel}","templated":true}]}}