{"id":123489,"date":"2020-03-09T11:56:09","date_gmt":"2020-03-09T10:56:09","guid":{"rendered":"https:\/\/zjarr.tv\/?p=123489"},"modified":"2020-03-09T11:56:09","modified_gmt":"2020-03-09T10:56:09","slug":"konfirmohen-2-raste-me-koronavirus-brace-thirrje-per-te-ruajtur-qetesine","status":"publish","type":"post","link":"https:\/\/zjarr.tv\/en\/konfirmohen-2-raste-me-koronavirus-brace-thirrje-per-te-ruajtur-qetesine\/","title":{"rendered":"Konfirmohen 2 raste me koronavirus, Bra\u00e7e thirrje p\u00ebr t\u00eb ruajtur qet\u00ebsin\u00eb"},"content":{"rendered":"<p>Z\u00ebvend\u00ebskryeministri Eiron Bra\u00e7e i b\u00ebri thirrje qytetar\u00ebve t\u00eb ruajn\u00eb qet\u00ebsin\u00eb, pasi dha lajmin p\u00ebr konfirmimin e dy rasteve me koronavirus n\u00eb Shqip\u00ebri. Bra\u00e7e shprehet se \u00ebsht\u00eb koha p\u00ebr vet\u00ebkontroll, disiplin\u00eb dhe p\u00ebr t\u00eb zbatuar t\u00eb gjitha protokollet p\u00ebr mbrojtjen nga koronavirusi. Ai u b\u00ebn thirrje qytetar\u00ebve q\u00eb n\u00eb rast t\u00eb konstatimit t\u00eb shenjave t\u00eb koronavirusit t\u00eb kontaktojn\u00eb me autoritetet.<\/p>\n<p><strong>Erion Bra\u00e7e:<\/strong>\u00a0<em>Tani duhet qet\u00ebsi, vet\u00ebkontroll, disiplin\u00eb p\u00ebr t\u00eb zbatuar \u00e7do protokoll dhe \u00e7do rregull t\u00eb shpallur, vendosm\u00ebri p\u00ebr t\u00eb mos lejuar p\u00ebrhapjen kudo! \u00c7dokush q\u00eb ka hyr\u00eb nga Italia n\u00eb Shqip\u00ebri gjat\u00eb dy jav\u00ebve t\u00eb fundit duhet t\u00eb vet\u00ebkarantinohet p\u00ebr 14 dit\u00eb, pjesa tjet\u00ebr \u00ebsht\u00eb higjiena, higjiena!\u00a0<\/em><\/p>\n<p><em>Lani duart shpesh dhe p\u00ebr 40 sekonda me uj\u00eb e sapun, dezinfektoni me solucione me baz\u00eb alkoolin, t\u00eb gjitha vendet me grumbullime t\u00eb m\u00ebdha, posa\u00e7\u00ebrisht shkollat duhet t\u00eb 100 fishojn\u00eb kujdesin ndaj higjen\u00ebs, mos prekni goj\u00ebn, hund\u00ebn e syt\u00eb me duar t\u00eb palra, virusi hyn n\u00eb trup prej tyre! Mbroni f\u00ebmij\u00ebt dhe t\u00eb moshuarit! \u00cbsht\u00eb detyr\u00eb!<\/em><\/p>","protected":false},"excerpt":{"rendered":"<p>Z\u00ebvend\u00ebskryeministri Eiron Bra\u00e7e i b\u00ebri thirrje qytetar\u00ebve t\u00eb ruajn\u00eb qet\u00ebsin\u00eb, pasi dha lajmin p\u00ebr konfirmimin e dy rasteve me koronavirus n\u00eb Shqip\u00ebri. Bra\u00e7e shprehet se \u00ebsht\u00eb koha p\u00ebr vet\u00ebkontroll, disiplin\u00eb dhe p\u00ebr t\u00eb zbatuar t\u00eb gjitha protokollet p\u00ebr mbrojtjen nga koronavirusi. Ai u b\u00ebn thirrje qytetar\u00ebve q\u00eb n\u00eb rast t\u00eb konstatimit t\u00eb shenjave t\u00eb koronavirusit [&hellip;]<\/p>\n","protected":false},"author":2013,"featured_media":123490,"comment_status":"open","ping_status":"closed","sticky":false,"template":"","format":"standard","meta":{"footnotes":""},"categories":[241,235],"tags":[],"class_list":{"0":"post-123489","1":"post","2":"type-post","3":"status-publish","4":"format-standard","5":"has-post-thumbnail","7":"category-aktualitet","8":"category-vendi"},"_links":{"self":[{"href":"https:\/\/zjarr.tv\/en\/wp-json\/wp\/v2\/posts\/123489","targetHints":{"allow":["GET"]}}],"collection":[{"href":"https:\/\/zjarr.tv\/en\/wp-json\/wp\/v2\/posts"}],"about":[{"href":"https:\/\/zjarr.tv\/en\/wp-json\/wp\/v2\/types\/post"}],"author":[{"embeddable":true,"href":"https:\/\/zjarr.tv\/en\/wp-json\/wp\/v2\/users\/2013"}],"replies":[{"embeddable":true,"href":"https:\/\/zjarr.tv\/en\/wp-json\/wp\/v2\/comments?post=123489"}],"version-history":[{"count":0,"href":"https:\/\/zjarr.tv\/en\/wp-json\/wp\/v2\/posts\/123489\/revisions"}],"wp:featuredmedia":[{"embeddable":true,"href":"https:\/\/zjarr.tv\/en\/wp-json\/wp\/v2\/media\/123490"}],"wp:attachment":[{"href":"https:\/\/zjarr.tv\/en\/wp-json\/wp\/v2\/media?parent=123489"}],"wp:term":[{"taxonomy":"category","embeddable":true,"href":"https:\/\/zjarr.tv\/en\/wp-json\/wp\/v2\/categories?post=123489"},{"taxonomy":"post_tag","embeddable":true,"href":"https:\/\/zjarr.tv\/en\/wp-json\/wp\/v2\/tags?post=123489"}],"curies":[{"name":"wp","href":"https:\/\/api.w.org\/{rel}","templated":true}]}}