{"id":123495,"date":"2020-03-09T11:59:09","date_gmt":"2020-03-09T10:59:09","guid":{"rendered":"https:\/\/zjarr.tv\/?p=123495"},"modified":"2020-03-09T11:59:09","modified_gmt":"2020-03-09T10:59:09","slug":"nje-tjeter-person-me-urgjence-tek-infektivi-dyshohet-per-nje-rast-tjeter-me-koronavirus","status":"publish","type":"post","link":"https:\/\/zjarr.tv\/en\/nje-tjeter-person-me-urgjence-tek-infektivi-dyshohet-per-nje-rast-tjeter-me-koronavirus\/","title":{"rendered":"Nj\u00eb tjet\u00ebr person me urgjenc\u00eb tek infektivi, dyshohet p\u00ebr nj\u00eb rast tjet\u00ebr me koronavirus"},"content":{"rendered":"<p>n\u00eb ambientet e spitalit infektiv \u00ebsht\u00eb paraqitur dhe nj\u00eb tjet\u00ebr person i shoq\u00ebruar nga autoambulanca. Menj\u00ebher\u00eb ambienti \u00ebsht\u00eb dezinfektuar.<\/p>\n<p>Nd\u00ebrkoh\u00eb, paraprakisht dyshohet se \u00ebsht\u00eb dhe nj\u00eb person i tret i infektuar me koronavirus. K\u00ebtij personi po i b\u00ebhen analizat dhe pritet t\u00eb dalin t\u00eb dalin rezultatet.<\/p>","protected":false},"excerpt":{"rendered":"<p>n\u00eb ambientet e spitalit infektiv \u00ebsht\u00eb paraqitur dhe nj\u00eb tjet\u00ebr person i shoq\u00ebruar nga autoambulanca. Menj\u00ebher\u00eb ambienti \u00ebsht\u00eb dezinfektuar. Nd\u00ebrkoh\u00eb, paraprakisht dyshohet se \u00ebsht\u00eb dhe nj\u00eb person i tret i infektuar me koronavirus. K\u00ebtij personi po i b\u00ebhen analizat dhe pritet t\u00eb dalin t\u00eb dalin rezultatet.<\/p>","protected":false},"author":2013,"featured_media":123496,"comment_status":"open","ping_status":"closed","sticky":false,"template":"","format":"standard","meta":{"footnotes":""},"categories":[241,235],"tags":[],"class_list":{"0":"post-123495","1":"post","2":"type-post","3":"status-publish","4":"format-standard","5":"has-post-thumbnail","7":"category-aktualitet","8":"category-vendi"},"_links":{"self":[{"href":"https:\/\/zjarr.tv\/en\/wp-json\/wp\/v2\/posts\/123495","targetHints":{"allow":["GET"]}}],"collection":[{"href":"https:\/\/zjarr.tv\/en\/wp-json\/wp\/v2\/posts"}],"about":[{"href":"https:\/\/zjarr.tv\/en\/wp-json\/wp\/v2\/types\/post"}],"author":[{"embeddable":true,"href":"https:\/\/zjarr.tv\/en\/wp-json\/wp\/v2\/users\/2013"}],"replies":[{"embeddable":true,"href":"https:\/\/zjarr.tv\/en\/wp-json\/wp\/v2\/comments?post=123495"}],"version-history":[{"count":0,"href":"https:\/\/zjarr.tv\/en\/wp-json\/wp\/v2\/posts\/123495\/revisions"}],"wp:featuredmedia":[{"embeddable":true,"href":"https:\/\/zjarr.tv\/en\/wp-json\/wp\/v2\/media\/123496"}],"wp:attachment":[{"href":"https:\/\/zjarr.tv\/en\/wp-json\/wp\/v2\/media?parent=123495"}],"wp:term":[{"taxonomy":"category","embeddable":true,"href":"https:\/\/zjarr.tv\/en\/wp-json\/wp\/v2\/categories?post=123495"},{"taxonomy":"post_tag","embeddable":true,"href":"https:\/\/zjarr.tv\/en\/wp-json\/wp\/v2\/tags?post=123495"}],"curies":[{"name":"wp","href":"https:\/\/api.w.org\/{rel}","templated":true}]}}