{"id":123504,"date":"2020-03-09T12:03:47","date_gmt":"2020-03-09T11:03:47","guid":{"rendered":"https:\/\/zjarr.tv\/?p=123504"},"modified":"2020-03-09T12:03:47","modified_gmt":"2020-03-09T11:03:47","slug":"urdhri-kush-hyn-ne-shqiperi-nga-zona-e-kuqe-itali-te-vetekarantinohet-per-2-jave","status":"publish","type":"post","link":"https:\/\/zjarr.tv\/en\/urdhri-kush-hyn-ne-shqiperi-nga-zona-e-kuqe-itali-te-vetekarantinohet-per-2-jave\/","title":{"rendered":"Urdhri: Kush hyn n\u00eb Shqip\u00ebri nga zona e kuqe Itali t\u00eb vet\u00ebkarantinohet p\u00ebr 2 jav\u00eb"},"content":{"rendered":"<p>Ministria e Sh\u00ebndet\u00ebsis\u00eb ka publikuar urdhrin ku t\u00eb gjith\u00eb shtetasit q\u00eb hyjn\u00eb n\u00eb territorin e Shqip\u00ebris\u00eb dhe vijn\u00eb nga zona e izoluar n\u00eb Itali, \u00a0t\u00eb vet\u00ebkarantinohen p\u00ebr nj\u00eb periudh\u00eb 14 ditore n\u00eb ambientet e banesave t\u00eb tyre si nj\u00eb mas\u00eb parandaluese p\u00ebr mosp\u00ebrhapjen e infeksionit t\u00eb shkaktuar nga COVID- 2019.<\/p>\n<p>Urdhri hyn n\u00eb fuqi menj\u00ebher\u00eb.<\/p>\n<p>Sipas ketij urdhri Strukturat sh\u00ebndet\u00ebsore t\u00eb sigurojn\u00eb mbikqyrjen e vazhdueshme t\u00eb t\u00eb gjith\u00eb personave t\u00eb identifikuar si persona q\u00eb kan\u00eb hyr\u00eb n\u00eb vendin ton\u00eb nga zona e izoluar n\u00eb Itali.<\/p>\n<p>Mozbatimi I k\u00ebtij urdhri nga personat q\u00eb hyjn\u00eb n\u00eb Republik\u00ebn e Shqip\u00ebris\u00eb nga zona e izoluar n\u00eb Itali \u00ebsht\u00eb e d\u00ebnueshme sipas dispozitave t\u00eb nentit 35 t\u00eb Ligjit nr 15\/ 2016 \u201cP\u00ebr parandalimin dhe luftimin e infeksioneve dhe s\u00ebmundjeve infective.<\/p>\n<p>Ngarkohen p\u00ebr zbatimin e k\u00ebtij Urdhri, Operatori i Sh\u00ebrbimit t\u00eb Kujdesit Sh\u00ebndet\u00ebsor, Inspektoriati Shtet\u00ebror Sh\u00ebndet\u00ebsor, Instituti I Sh\u00ebndetit Publik dhe t\u00eb gjith\u00eb strukturat p\u00ebrgjegj\u00ebse sh\u00ebndetsore n\u00eb t\u00eb gjith\u00eb zonat ku jan\u00eb personta e vet\u00ebkarantinuar.<\/p>","protected":false},"excerpt":{"rendered":"<p>Ministria e Sh\u00ebndet\u00ebsis\u00eb ka publikuar urdhrin ku t\u00eb gjith\u00eb shtetasit q\u00eb hyjn\u00eb n\u00eb territorin e Shqip\u00ebris\u00eb dhe vijn\u00eb nga zona e izoluar n\u00eb Itali, \u00a0t\u00eb vet\u00ebkarantinohen p\u00ebr nj\u00eb periudh\u00eb 14 ditore n\u00eb ambientet e banesave t\u00eb tyre si nj\u00eb mas\u00eb parandaluese p\u00ebr mosp\u00ebrhapjen e infeksionit t\u00eb shkaktuar nga COVID- 2019. Urdhri hyn n\u00eb fuqi menj\u00ebher\u00eb. [&hellip;]<\/p>\n","protected":false},"author":2013,"featured_media":123505,"comment_status":"open","ping_status":"closed","sticky":false,"template":"","format":"standard","meta":{"footnotes":""},"categories":[241,235],"tags":[],"class_list":{"0":"post-123504","1":"post","2":"type-post","3":"status-publish","4":"format-standard","5":"has-post-thumbnail","7":"category-aktualitet","8":"category-vendi"},"_links":{"self":[{"href":"https:\/\/zjarr.tv\/en\/wp-json\/wp\/v2\/posts\/123504","targetHints":{"allow":["GET"]}}],"collection":[{"href":"https:\/\/zjarr.tv\/en\/wp-json\/wp\/v2\/posts"}],"about":[{"href":"https:\/\/zjarr.tv\/en\/wp-json\/wp\/v2\/types\/post"}],"author":[{"embeddable":true,"href":"https:\/\/zjarr.tv\/en\/wp-json\/wp\/v2\/users\/2013"}],"replies":[{"embeddable":true,"href":"https:\/\/zjarr.tv\/en\/wp-json\/wp\/v2\/comments?post=123504"}],"version-history":[{"count":0,"href":"https:\/\/zjarr.tv\/en\/wp-json\/wp\/v2\/posts\/123504\/revisions"}],"wp:featuredmedia":[{"embeddable":true,"href":"https:\/\/zjarr.tv\/en\/wp-json\/wp\/v2\/media\/123505"}],"wp:attachment":[{"href":"https:\/\/zjarr.tv\/en\/wp-json\/wp\/v2\/media?parent=123504"}],"wp:term":[{"taxonomy":"category","embeddable":true,"href":"https:\/\/zjarr.tv\/en\/wp-json\/wp\/v2\/categories?post=123504"},{"taxonomy":"post_tag","embeddable":true,"href":"https:\/\/zjarr.tv\/en\/wp-json\/wp\/v2\/tags?post=123504"}],"curies":[{"name":"wp","href":"https:\/\/api.w.org\/{rel}","templated":true}]}}