{"id":123507,"date":"2020-03-09T12:05:47","date_gmt":"2020-03-09T11:05:47","guid":{"rendered":"https:\/\/zjarr.tv\/?p=123507"},"modified":"2020-03-09T12:05:47","modified_gmt":"2020-03-09T11:05:47","slug":"urdhri-per-koronavirusin-nis-zbrazja-e-shkollave-ne-kryeqytet","status":"publish","type":"post","link":"https:\/\/zjarr.tv\/en\/urdhri-per-koronavirusin-nis-zbrazja-e-shkollave-ne-kryeqytet\/","title":{"rendered":"Urdhri p\u00ebr koronavirusin, nis zbrazja e shkollave n\u00eb kryeqytet"},"content":{"rendered":"<p>T\u00eb gjitha institucionet arsimore n\u00eb t\u00eb gjith\u00eb vendin do t\u00eb q\u00ebndrojn\u00eb mbyllur deri me 23 mars. Vendimi u mor sot nga Task Forca p\u00ebr Koronavirusin si mas\u00eb paraprake p\u00ebr \u00a0frenimin e p\u00ebrhapjes s\u00eb virusit COVID-19, i cili \u00ebsht\u00eb shfaqur n\u00eb dy raste n\u00eb Shqip\u00ebri.<\/p>\n<p>Ministrja e Arsimit Besa Shahini thot\u00eb se masa \u00ebsht\u00eb parandaluese dhe frenuese dhe nuk ka asnj\u00eb nevoj\u00eb e arsye p\u00ebr panik.<\/p>\n<p><em>&#8220;Po tregohemi shum\u00eb t\u00eb kujdessh\u00ebm q\u00eb t\u00eb zvog\u00eblojm\u00eb maksimalisht mund\u00ebsin\u00eb e p\u00ebrhapjes s\u00eb k\u00ebtij virusi.Mbani mend q\u00eb f\u00ebmij\u00ebt dhe t\u00eb rinjt\u00eb nuk jan\u00eb grupmosh\u00eb e rrezikuar nga virusi, por mund t\u00eb jen\u00eb bart\u00ebs. Ndaj, do t\u00eb pezullohet m\u00ebsimi n\u00eb institucionet arsimore&#8221;.<\/em><\/p>\n<p>Fill pas k\u00ebtij vendimi, urdhri \u00ebhst\u00eb shp\u00ebrndar\u00eb n\u00eb shkolla e kopshte. Nga nj\u00eb v\u00ebzhgim i Ora News n\u00eb disa shkolla n\u00eb kryeqytet, prind\u00ebrit jan\u00eb njoftuar nga m\u00ebsuesit p\u00ebr t\u00eb marr\u00eb f\u00ebmij\u00ebt.<\/p>\n<p><strong>Masat q\u00eb secili prej nesh duhet t\u00eb nd\u00ebrmarr\u00eb individualish<\/strong>t:<\/p>\n<p>\u2022 T\u00eb lajm\u00eb duart shpesh p\u00ebr 20 sekonda;<\/p>\n<p>\u2022 T\u00eb evitojm\u00eb takimin deri n\u00eb 1 m larg\u00ebsi;<\/p>\n<p>\u2022 T\u00eb evitojm\u00eb grumbullimet e njer\u00ebzve.<\/p>","protected":false},"excerpt":{"rendered":"<p>T\u00eb gjitha institucionet arsimore n\u00eb t\u00eb gjith\u00eb vendin do t\u00eb q\u00ebndrojn\u00eb mbyllur deri me 23 mars. Vendimi u mor sot nga Task Forca p\u00ebr Koronavirusin si mas\u00eb paraprake p\u00ebr \u00a0frenimin e p\u00ebrhapjes s\u00eb virusit COVID-19, i cili \u00ebsht\u00eb shfaqur n\u00eb dy raste n\u00eb Shqip\u00ebri. Ministrja e Arsimit Besa Shahini thot\u00eb se masa \u00ebsht\u00eb parandaluese dhe [&hellip;]<\/p>\n","protected":false},"author":2013,"featured_media":123508,"comment_status":"open","ping_status":"closed","sticky":false,"template":"","format":"standard","meta":{"footnotes":""},"categories":[241,235],"tags":[],"class_list":{"0":"post-123507","1":"post","2":"type-post","3":"status-publish","4":"format-standard","5":"has-post-thumbnail","7":"category-aktualitet","8":"category-vendi"},"_links":{"self":[{"href":"https:\/\/zjarr.tv\/en\/wp-json\/wp\/v2\/posts\/123507","targetHints":{"allow":["GET"]}}],"collection":[{"href":"https:\/\/zjarr.tv\/en\/wp-json\/wp\/v2\/posts"}],"about":[{"href":"https:\/\/zjarr.tv\/en\/wp-json\/wp\/v2\/types\/post"}],"author":[{"embeddable":true,"href":"https:\/\/zjarr.tv\/en\/wp-json\/wp\/v2\/users\/2013"}],"replies":[{"embeddable":true,"href":"https:\/\/zjarr.tv\/en\/wp-json\/wp\/v2\/comments?post=123507"}],"version-history":[{"count":0,"href":"https:\/\/zjarr.tv\/en\/wp-json\/wp\/v2\/posts\/123507\/revisions"}],"wp:featuredmedia":[{"embeddable":true,"href":"https:\/\/zjarr.tv\/en\/wp-json\/wp\/v2\/media\/123508"}],"wp:attachment":[{"href":"https:\/\/zjarr.tv\/en\/wp-json\/wp\/v2\/media?parent=123507"}],"wp:term":[{"taxonomy":"category","embeddable":true,"href":"https:\/\/zjarr.tv\/en\/wp-json\/wp\/v2\/categories?post=123507"},{"taxonomy":"post_tag","embeddable":true,"href":"https:\/\/zjarr.tv\/en\/wp-json\/wp\/v2\/tags?post=123507"}],"curies":[{"name":"wp","href":"https:\/\/api.w.org\/{rel}","templated":true}]}}