{"id":123512,"date":"2020-03-09T12:11:58","date_gmt":"2020-03-09T11:11:58","guid":{"rendered":"https:\/\/zjarr.tv\/?p=123512"},"modified":"2020-03-09T12:11:58","modified_gmt":"2020-03-09T11:11:58","slug":"koronavirusi-basha-anulon-takimet-me-grate-dhe-mesuesit","status":"publish","type":"post","link":"https:\/\/zjarr.tv\/en\/koronavirusi-basha-anulon-takimet-me-grate-dhe-mesuesit\/","title":{"rendered":"Koronavirusi, Basha anulon takimet me grat\u00eb dhe m\u00ebsuesit"},"content":{"rendered":"<p>Pas konfirmimit t\u00eb dy personave t\u00eb infektuar me koronavirus n\u00eb Shqip\u00ebri, vendi ka nisur zbatimin e planit t\u00eb masave mbrojt\u00ebse. I pari q\u00eb nisi zbatimin e k\u00ebtyre masave ishte Kryetari i Partis\u00eb Demokratike q\u00eb anuloi dy takime publike q\u00eb kishte planifikuar p\u00ebr t\u00eb h\u00ebn\u00ebn. Sipas nj\u00eb njoftimit t\u00eb PD, Basha anuloi takimin me grat\u00eb dhe me m\u00ebsuesit.<\/p>\n<p><strong>Njoftimi i PD:\u00a0<\/strong><em>Kryetari i Partis\u00eb Demokratike Lulzim Basha vendosi anullimin e dy aktiviteteve publike t\u00eb parashikuara p\u00ebr pasditen e sotme. N\u00eb Kalan\u00eb e Tiran\u00ebs ishte p\u00ebrgatitur nj\u00eb event kushtuar grave shqiptare p\u00ebr kontributin e tyre n\u00eb shoq\u00ebrin\u00eb ton\u00eb.\u00a0<\/em><\/p>\n<p><em>Aktiviteti, ku ishte parashikuar pjes\u00ebmarrja e rreth 300 grave dhe vajzave, do t\u00eb zhvillohet n\u00eb nj\u00eb moment tjet\u00ebr, kur sh\u00ebndeti i qytetar\u00ebve t\u00eb mos konsiderohet i rrezikuar. I nj\u00ebjti vendim u mor edhe p\u00ebr nj\u00eb tjet\u00ebr aktivitet t\u00eb zotit Basha. Ai kishte planifikuar n\u00eb or\u00ebn 15.00 nj\u00eb d\u00ebgjes\u00eb me m\u00ebsuesit, pjes\u00eb e turit #potedegjoj, por edhe ky event do t\u00eb shtyhet p\u00ebr nj\u00eb moment tjet\u00ebr.<\/em><\/p>","protected":false},"excerpt":{"rendered":"<p>Pas konfirmimit t\u00eb dy personave t\u00eb infektuar me koronavirus n\u00eb Shqip\u00ebri, vendi ka nisur zbatimin e planit t\u00eb masave mbrojt\u00ebse. I pari q\u00eb nisi zbatimin e k\u00ebtyre masave ishte Kryetari i Partis\u00eb Demokratike q\u00eb anuloi dy takime publike q\u00eb kishte planifikuar p\u00ebr t\u00eb h\u00ebn\u00ebn. Sipas nj\u00eb njoftimit t\u00eb PD, Basha anuloi takimin me grat\u00eb dhe [&hellip;]<\/p>\n","protected":false},"author":2013,"featured_media":94253,"comment_status":"open","ping_status":"closed","sticky":false,"template":"","format":"standard","meta":{"footnotes":""},"categories":[241,235],"tags":[],"class_list":{"0":"post-123512","1":"post","2":"type-post","3":"status-publish","4":"format-standard","5":"has-post-thumbnail","7":"category-aktualitet","8":"category-vendi"},"_links":{"self":[{"href":"https:\/\/zjarr.tv\/en\/wp-json\/wp\/v2\/posts\/123512","targetHints":{"allow":["GET"]}}],"collection":[{"href":"https:\/\/zjarr.tv\/en\/wp-json\/wp\/v2\/posts"}],"about":[{"href":"https:\/\/zjarr.tv\/en\/wp-json\/wp\/v2\/types\/post"}],"author":[{"embeddable":true,"href":"https:\/\/zjarr.tv\/en\/wp-json\/wp\/v2\/users\/2013"}],"replies":[{"embeddable":true,"href":"https:\/\/zjarr.tv\/en\/wp-json\/wp\/v2\/comments?post=123512"}],"version-history":[{"count":0,"href":"https:\/\/zjarr.tv\/en\/wp-json\/wp\/v2\/posts\/123512\/revisions"}],"wp:featuredmedia":[{"embeddable":true,"href":"https:\/\/zjarr.tv\/en\/wp-json\/wp\/v2\/media\/94253"}],"wp:attachment":[{"href":"https:\/\/zjarr.tv\/en\/wp-json\/wp\/v2\/media?parent=123512"}],"wp:term":[{"taxonomy":"category","embeddable":true,"href":"https:\/\/zjarr.tv\/en\/wp-json\/wp\/v2\/categories?post=123512"},{"taxonomy":"post_tag","embeddable":true,"href":"https:\/\/zjarr.tv\/en\/wp-json\/wp\/v2\/tags?post=123512"}],"curies":[{"name":"wp","href":"https:\/\/api.w.org\/{rel}","templated":true}]}}