{"id":123514,"date":"2020-03-09T12:15:37","date_gmt":"2020-03-09T11:15:37","guid":{"rendered":"https:\/\/zjarr.tv\/?p=123514"},"modified":"2020-03-09T12:15:37","modified_gmt":"2020-03-09T11:15:37","slug":"mjekja-e-konfirmon-nga-muriqani-i-prekuri-me-koronavirus-nuk-u-kontrollua-ne-kufi-hyri-ne-shqiperi-me-26-shkurt","status":"publish","type":"post","link":"https:\/\/zjarr.tv\/en\/mjekja-e-konfirmon-nga-muriqani-i-prekuri-me-koronavirus-nuk-u-kontrollua-ne-kufi-hyri-ne-shqiperi-me-26-shkurt\/","title":{"rendered":"Mjekja e konfirmon nga Muriqani: I prekuri me koronavirus nuk u kontrollua n\u00eb kufi, hyri n\u00eb Shqip\u00ebri m\u00eb 26 shkurt"},"content":{"rendered":"<p>Mjekja Dhurata Hysi ka deklaruar nga pika kufitare e Muriqanit se 28-vje\u00e7ari shqiptar i prekur me koronavirus ka hyr\u00eb n\u00eb Shqip\u00ebri m\u00eb 26 shkurt, pa u kontrolluar.<\/p>\n<p>Duke folur p\u00ebr mediat nga pika kufitare, mjekja sqaroi se i riu \u00ebsht\u00eb futur n\u00eb kufi pa u kontrolluar, p\u00ebr shkak se vinte nga Firence, e cila ishte nj\u00eb zon\u00eb e paprekur ende nga virusi vdekjeprur\u00ebs n\u00eb Itali.<\/p>\n<div id=\"pa_1x1_psbk_1583752501443\"><\/div>\n<p>\u201cDjali hyri m\u00eb dat\u00eb 26, n\u00eb or\u00ebn 00:40 t\u00eb nat\u00ebs. Nuk \u00ebsht\u00eb kontrolluar, pasi Firence nuk ka qen\u00eb n\u00eb zon\u00ebn e kuqe, nuk ka pasur asnj\u00eb rast t\u00eb konfirmuar atje. Ne kishim prioritet zonat e prekura n\u00eb Itali dhe Kin\u00eb. Ka dit\u00eb q\u00eb kontrollohen t\u00eb gjith\u00eb personat nga Italia, por pas dat\u00ebs 26, m\u00eb par\u00eb vet\u00ebm ata q\u00eb vinin nga zonat e prekura. Nuk di \u00e7\u2019t\u00eb them p\u00ebr t\u00eb atin. Lista \u00ebsht\u00eb vet\u00ebm djali. Qytetar\u00ebt q\u00eb vijn\u00eb n\u00eb kufi nuk kan\u00eb maska, vet\u00ebm nj\u00eb italian kishte.<\/p>\n<p>Listat me t\u00eb prekur n\u00eb Itali ndryshonin nga dita n\u00eb dit\u00eb, ndaj ne e kemi marr\u00eb vet\u00eb informacionin. N\u00eb faz\u00ebn fillestare nuk kuptohet virusi te qytetar\u00ebt. \u00cbsht\u00eb e r\u00ebnd\u00ebsishme vet\u00ebkarantimi, t\u00eb gjith\u00eb personat p\u00ebr t\u2019u ruajtur duhet t\u00eb q\u00ebndrojn\u00eb n\u00eb sht\u00ebpi. Virusi transmetohet te t\u00eb tjer\u00ebt\u201d, tha mjekja.<\/p>","protected":false},"excerpt":{"rendered":"<p>Mjekja Dhurata Hysi ka deklaruar nga pika kufitare e Muriqanit se 28-vje\u00e7ari shqiptar i prekur me koronavirus ka hyr\u00eb n\u00eb Shqip\u00ebri m\u00eb 26 shkurt, pa u kontrolluar. Duke folur p\u00ebr mediat nga pika kufitare, mjekja sqaroi se i riu \u00ebsht\u00eb futur n\u00eb kufi pa u kontrolluar, p\u00ebr shkak se vinte nga Firence, e cila ishte [&hellip;]<\/p>\n","protected":false},"author":2013,"featured_media":123515,"comment_status":"open","ping_status":"closed","sticky":false,"template":"","format":"standard","meta":{"footnotes":""},"categories":[241,235],"tags":[],"class_list":{"0":"post-123514","1":"post","2":"type-post","3":"status-publish","4":"format-standard","5":"has-post-thumbnail","7":"category-aktualitet","8":"category-vendi"},"_links":{"self":[{"href":"https:\/\/zjarr.tv\/en\/wp-json\/wp\/v2\/posts\/123514","targetHints":{"allow":["GET"]}}],"collection":[{"href":"https:\/\/zjarr.tv\/en\/wp-json\/wp\/v2\/posts"}],"about":[{"href":"https:\/\/zjarr.tv\/en\/wp-json\/wp\/v2\/types\/post"}],"author":[{"embeddable":true,"href":"https:\/\/zjarr.tv\/en\/wp-json\/wp\/v2\/users\/2013"}],"replies":[{"embeddable":true,"href":"https:\/\/zjarr.tv\/en\/wp-json\/wp\/v2\/comments?post=123514"}],"version-history":[{"count":0,"href":"https:\/\/zjarr.tv\/en\/wp-json\/wp\/v2\/posts\/123514\/revisions"}],"wp:featuredmedia":[{"embeddable":true,"href":"https:\/\/zjarr.tv\/en\/wp-json\/wp\/v2\/media\/123515"}],"wp:attachment":[{"href":"https:\/\/zjarr.tv\/en\/wp-json\/wp\/v2\/media?parent=123514"}],"wp:term":[{"taxonomy":"category","embeddable":true,"href":"https:\/\/zjarr.tv\/en\/wp-json\/wp\/v2\/categories?post=123514"},{"taxonomy":"post_tag","embeddable":true,"href":"https:\/\/zjarr.tv\/en\/wp-json\/wp\/v2\/tags?post=123514"}],"curies":[{"name":"wp","href":"https:\/\/api.w.org\/{rel}","templated":true}]}}