{"id":123526,"date":"2020-03-09T14:05:21","date_gmt":"2020-03-09T13:05:21","guid":{"rendered":"https:\/\/zjarr.tv\/?p=123526"},"modified":"2020-03-09T14:05:21","modified_gmt":"2020-03-09T13:05:21","slug":"dy-fierakeve-u-shkon-zarfi-per-vetedeklarimin-e-pasurise-emrat","status":"publish","type":"post","link":"https:\/\/zjarr.tv\/en\/dy-fierakeve-u-shkon-zarfi-per-vetedeklarimin-e-pasurise-emrat\/","title":{"rendered":"Dy fierak\u00ebve u shkon zarfi p\u00ebr vet\u00ebdeklarimin e pasuris\u00eb\/ Emrat"},"content":{"rendered":"<p>Dy banor\u00eb t\u00eb Fierit u jan\u00eb d\u00ebrguar k\u00ebrkesat p\u00ebr vet\u00ebdeklarim t\u00eb pasuris\u00eb shtetasve:<\/p>\n<p>Zaim Tafa, banues n\u00eb Fier, i shpallur n\u00eb k\u00ebrkim p\u00ebr veprat penale \u201cProdhimi dhe shitja e narkotik\u00ebve\u201d, e kryer n\u00eb bashk\u00ebpunim dhe \u201cArm\u00ebmbajtja pa leje\u201d;<\/p>\n<p>Ahmet Isufaj, banues n\u00eb Fier, i d\u00ebnuar nga Gjykata Themelore e Prishtin\u00ebs p\u00ebr veprat penale \u201cKrim i organizuar\u201d dhe \u201cBlerje, posedim, shp\u00ebrndarje dhe shitje e paautorizuar e narkotik\u00ebve t\u00eb rreziksh\u00ebm\u201d, parashikuar nga Kodi Penal i Republik\u00ebs s\u00eb Kosov\u00ebs.<\/p>\n<p>K\u00ebta individ\u00eb, si subjekt i Ligjit Special, duhet t\u2019u p\u00ebrgjigjen me shkrim, brenda 48 or\u00ebsh, t\u00eb gjitha pyetjeve t\u00eb OFL-s\u00eb.<\/p>\n<p>M\u00eb pas, p\u00ebrgjigjet e marra do t\u2019i d\u00ebrgohen SPAK-ut, p\u00ebr veprime t\u00eb m\u00ebtejshme.<\/p>","protected":false},"excerpt":{"rendered":"<p>Dy banor\u00eb t\u00eb Fierit u jan\u00eb d\u00ebrguar k\u00ebrkesat p\u00ebr vet\u00ebdeklarim t\u00eb pasuris\u00eb shtetasve: Zaim Tafa, banues n\u00eb Fier, i shpallur n\u00eb k\u00ebrkim p\u00ebr veprat penale \u201cProdhimi dhe shitja e narkotik\u00ebve\u201d, e kryer n\u00eb bashk\u00ebpunim dhe \u201cArm\u00ebmbajtja pa leje\u201d; Ahmet Isufaj, banues n\u00eb Fier, i d\u00ebnuar nga Gjykata Themelore e Prishtin\u00ebs p\u00ebr veprat penale \u201cKrim i [&hellip;]<\/p>\n","protected":false},"author":2013,"featured_media":121248,"comment_status":"open","ping_status":"closed","sticky":false,"template":"","format":"standard","meta":{"footnotes":""},"categories":[241,235],"tags":[],"class_list":{"0":"post-123526","1":"post","2":"type-post","3":"status-publish","4":"format-standard","5":"has-post-thumbnail","7":"category-aktualitet","8":"category-vendi"},"_links":{"self":[{"href":"https:\/\/zjarr.tv\/en\/wp-json\/wp\/v2\/posts\/123526","targetHints":{"allow":["GET"]}}],"collection":[{"href":"https:\/\/zjarr.tv\/en\/wp-json\/wp\/v2\/posts"}],"about":[{"href":"https:\/\/zjarr.tv\/en\/wp-json\/wp\/v2\/types\/post"}],"author":[{"embeddable":true,"href":"https:\/\/zjarr.tv\/en\/wp-json\/wp\/v2\/users\/2013"}],"replies":[{"embeddable":true,"href":"https:\/\/zjarr.tv\/en\/wp-json\/wp\/v2\/comments?post=123526"}],"version-history":[{"count":0,"href":"https:\/\/zjarr.tv\/en\/wp-json\/wp\/v2\/posts\/123526\/revisions"}],"wp:featuredmedia":[{"embeddable":true,"href":"https:\/\/zjarr.tv\/en\/wp-json\/wp\/v2\/media\/121248"}],"wp:attachment":[{"href":"https:\/\/zjarr.tv\/en\/wp-json\/wp\/v2\/media?parent=123526"}],"wp:term":[{"taxonomy":"category","embeddable":true,"href":"https:\/\/zjarr.tv\/en\/wp-json\/wp\/v2\/categories?post=123526"},{"taxonomy":"post_tag","embeddable":true,"href":"https:\/\/zjarr.tv\/en\/wp-json\/wp\/v2\/tags?post=123526"}],"curies":[{"name":"wp","href":"https:\/\/api.w.org\/{rel}","templated":true}]}}