{"id":123531,"date":"2020-03-09T14:08:14","date_gmt":"2020-03-09T13:08:14","guid":{"rendered":"https:\/\/zjarr.tv\/?p=123531"},"modified":"2020-03-09T14:08:16","modified_gmt":"2020-03-09T13:08:16","slug":"anulohen-te-gjitha-aktivitetet-kulturore-ministrja-margariti-5-menyra-si-te-mbroni-familjen","status":"publish","type":"post","link":"https:\/\/zjarr.tv\/en\/anulohen-te-gjitha-aktivitetet-kulturore-ministrja-margariti-5-menyra-si-te-mbroni-familjen\/","title":{"rendered":"Anulohen t\u00eb gjitha aktivitetet kulturore, ministrja Margariti: 5 m\u00ebnyra si t\u00eb mbroni familjen"},"content":{"rendered":"<p>Ministrja e Kultur\u00ebs, Elva Margariti, reagon pas konfirmimit t\u00eb dy rasteve t\u00eb para me koronavirus n\u00eb Shqip\u00ebri, duke b\u00ebr\u00eb publike dhe masat e qeveris\u00eb lidhur me aktivitetet kulturore.<\/p>\n<p>Ministrja njofton n\u00eb \u201cFacebook\u201d se do t\u00eb anulohen\u00a0t\u00eb gjitha aktivitetet kulturore, q\u00eb parashikojn\u00eb mbledhjen n\u00eb salla t\u00eb mbyllura t\u00eb nj\u00eb numri t\u00eb madh spektator\u00ebsh, si koncerte, shfaqje teatrale, opera apo balet.<\/p>\n<p><strong>Mesazhi i ministres:<\/strong><\/p>\n<p>\u2757\ufe0fPas identifikimit t\u00eb dy rasteve t\u00eb para t\u00eb koronavirusit, n\u00eb Shqip\u00ebri, Qeveria ka v\u00ebn\u00eb n\u00eb l\u00ebvizje masat e planifikuara, sipas protokollit t\u00eb Organizat\u00ebs Bot\u00ebrore t\u00eb Sh\u00ebndet\u00ebsis\u00eb.<\/p>\n<p>\u2757\ufe0fN\u00eb kuadrin e k\u00ebtyre masave, t\u00eb gjitha aktivitetet kulturore, q\u00eb parashikojn\u00eb mbledhjen n\u00eb salla t\u00eb mbyllura t\u00eb nj\u00eb numri t\u00eb madh spektator\u00ebsh, si koncerte, shfaqje teatrale, opera apo balet, do t\u00eb anulohen. Do t\u00eb monitorohen t\u00eb gjitha institucionet dhe do t\u00eb merren t\u00eb gjitha masat p\u00ebr t\u00eb mos krijuar grumbullime njer\u00ebzish, si n\u00eb salla muzesh, ekspozita etj.<\/p>\n<p>\ud83d\ude4fT\u00eb ruajm\u00eb qet\u00ebsin\u00eb, sh\u00ebndetin ton\u00eb dhe t\u00eb t\u00eb arf\u00ebrmve, duke respektuar dhe ndjekur t\u00eb gjitha k\u00ebshillat, q\u00eb jep OBSH, n\u00ebp\u00ebrmjet Ministris\u00eb son\u00eb t\u00eb Sh\u00ebndet\u00ebsis\u00eb.<\/p>\n<div id=\"pa_1x1_psbk_1583759257049\"><\/div>\n<p>\ud83d\udccdPo ndajm\u00eb me ju 5 m\u00ebnyra p\u00ebr t\u00eb mbrojtur familjen nga COVID-19:<\/p>\n<p>\u25aa\ufe0fN\u00ebse jeni t\u00eb s\u00ebmur\u00eb, q\u00ebndroni n\u00eb sht\u00ebpi p\u00ebr t\u00eb parandaluar p\u00ebrhapjen e s\u00ebmundjes.<\/p>\n<p>\u25aa\ufe0fMbuloni hund\u00ebn dhe goj\u00ebn gjat\u00eb kollitjes dhe teshtitjes.<\/p>\n<p>\u25aa\ufe0fShmangni prekjen e fytyr\u00ebs dhe lani duart sa m\u00eb shpesh me uj\u00eb t\u00eb ngroht\u00eb dhe sapun.<\/p>\n<p>\u25aa\ufe0fMbani distanc\u00eb nga njer\u00ebzit q\u00eb kolliten apo teshtijn\u00eb.<\/p>\n<p>\u25aa\ufe0fLexoni t\u00eb gjith\u00eb informacionet zyrtare lidhur me COVID-19.<\/p>","protected":false},"excerpt":{"rendered":"<p>Ministrja e Kultur\u00ebs, Elva Margariti, reagon pas konfirmimit t\u00eb dy rasteve t\u00eb para me koronavirus n\u00eb Shqip\u00ebri, duke b\u00ebr\u00eb publike dhe masat e qeveris\u00eb lidhur me aktivitetet kulturore. Ministrja njofton n\u00eb \u201cFacebook\u201d se do t\u00eb anulohen\u00a0t\u00eb gjitha aktivitetet kulturore, q\u00eb parashikojn\u00eb mbledhjen n\u00eb salla t\u00eb mbyllura t\u00eb nj\u00eb numri t\u00eb madh spektator\u00ebsh, si koncerte, shfaqje [&hellip;]<\/p>\n","protected":false},"author":2013,"featured_media":58225,"comment_status":"open","ping_status":"closed","sticky":false,"template":"","format":"standard","meta":{"footnotes":""},"categories":[241,235],"tags":[],"class_list":{"0":"post-123531","1":"post","2":"type-post","3":"status-publish","4":"format-standard","5":"has-post-thumbnail","7":"category-aktualitet","8":"category-vendi"},"_links":{"self":[{"href":"https:\/\/zjarr.tv\/en\/wp-json\/wp\/v2\/posts\/123531","targetHints":{"allow":["GET"]}}],"collection":[{"href":"https:\/\/zjarr.tv\/en\/wp-json\/wp\/v2\/posts"}],"about":[{"href":"https:\/\/zjarr.tv\/en\/wp-json\/wp\/v2\/types\/post"}],"author":[{"embeddable":true,"href":"https:\/\/zjarr.tv\/en\/wp-json\/wp\/v2\/users\/2013"}],"replies":[{"embeddable":true,"href":"https:\/\/zjarr.tv\/en\/wp-json\/wp\/v2\/comments?post=123531"}],"version-history":[{"count":0,"href":"https:\/\/zjarr.tv\/en\/wp-json\/wp\/v2\/posts\/123531\/revisions"}],"wp:featuredmedia":[{"embeddable":true,"href":"https:\/\/zjarr.tv\/en\/wp-json\/wp\/v2\/media\/58225"}],"wp:attachment":[{"href":"https:\/\/zjarr.tv\/en\/wp-json\/wp\/v2\/media?parent=123531"}],"wp:term":[{"taxonomy":"category","embeddable":true,"href":"https:\/\/zjarr.tv\/en\/wp-json\/wp\/v2\/categories?post=123531"},{"taxonomy":"post_tag","embeddable":true,"href":"https:\/\/zjarr.tv\/en\/wp-json\/wp\/v2\/tags?post=123531"}],"curies":[{"name":"wp","href":"https:\/\/api.w.org\/{rel}","templated":true}]}}