{"id":123533,"date":"2020-03-09T14:09:36","date_gmt":"2020-03-09T13:09:36","guid":{"rendered":"https:\/\/zjarr.tv\/?p=123533"},"modified":"2020-03-09T14:09:36","modified_gmt":"2020-03-09T13:09:36","slug":"ndryshimi-i-sistemit-zgjedhor-gjiknuri-ps-e-hapur-ta-diskutoje-propozimi-i-pd-per-administraten-zgjedhore-nuk-conte-ne-depolitizim","status":"publish","type":"post","link":"https:\/\/zjarr.tv\/en\/ndryshimi-i-sistemit-zgjedhor-gjiknuri-ps-e-hapur-ta-diskutoje-propozimi-i-pd-per-administraten-zgjedhore-nuk-conte-ne-depolitizim\/","title":{"rendered":"Ndryshimi i sistemit zgjedhor, Gjiknuri: PS e hapur ta diskutoj\u00eb. Propozimi i PD p\u00ebr administrat\u00ebn zgjedhore nuk \u00e7onte n\u00eb depolitizim"},"content":{"rendered":"<p>Bashk\u00ebkryetari i Komisionit p\u00ebr Reform\u00ebn Zgjedhore Damian Gjiknuri ka komentuar dy \u00e7\u00ebshtjet t\u00eb cilat u diskutuan sot n\u00eb K\u00ebshillin Politik lidhur me sistemin zgjedhor dhe administrat\u00ebn zgjedhore.<\/p>\n<p>Sa i p\u00ebrket s\u00eb par\u00ebs Gjiknuri u shpreh n\u00eb em\u00ebr t\u00eb mazhoranc\u00ebs se \u00ebsht\u00eb i gatsh\u00ebm ta diskutoj\u00eb por \u00ebsht\u00eb nj\u00eb tem\u00eb q\u00eb k\u00ebrkon nj\u00eb proces t\u00eb gjer\u00eb konsultimi. Kurse p\u00ebr propozimin e PD p\u00ebr administrat\u00ebn zgjedhore Gjiknuri u shpreh i qart\u00eb se ishte nj\u00eb opsion q\u00eb nuk e depolitizonte pasi PS do t\u00eb heq\u00eb dor\u00eb nga militantizmi dhe futja dor\u00eb n\u00eb zgjedhje e partive politike.<\/p>\n<p>\u201dPropozimi ishte n\u00eb lidhje me sistemin zgjedhor, propozimet q\u00eb kishin pal\u00ebt. Dhe ajo p\u00ebr administrimin zgjedhor.<br \/>\nNga znj. Hajdari jan\u00eb paraqitur disa propozime si n\u00eb Kuvend nd\u00ebrsa PD nuk paraqiti. Sistemi \u00ebsht\u00eb \u00e7\u00ebshtje e hapur dhe q\u00eb k\u00ebrkon edhe prekje t\u00eb Kushtetut\u00ebs. Propozimet prekin Kushtetut\u00ebn.<\/p>\n<p>Sa i p\u00ebrket propozimeve t\u00eb PD p\u00ebr administrimin e zgjedhjeve ishte nj\u00eb opsion q\u00eb nuk \u00e7onte n\u00eb depolitizim. \u00cbsht\u00eb nj\u00eb sistem i p\u00ebrforcuar i p\u00ebrfaq\u00ebsimit politik. Ne mendojm\u00eb q\u00eb ka ardhur momenti meqen\u00ebse ka pasur dhe nj\u00eb draft nga OSBE.<br \/>\nKa nj\u00eb element baz\u00eb, militantizimi dhe futja dor\u00eb n\u00eb zgjedhje e partive politike. Si? N\u00ebp\u00ebrmjet em\u00ebrimeve apo t\u00ebrheqjes s\u00eb komisioner\u00ebve. Duam q\u00eb partit\u00eb t\u00eb heqin dor\u00eb nga kjo.<br \/>\nPS \u00ebsht\u00eb e hapur t\u00eb diskutoj\u00eb p\u00ebr sistemin. Sistemi aktual nuk \u00ebsht\u00eb i keq por n\u00ebse ka nj\u00eb p\u00ebrfaq\u00ebsi t\u00eb madhe at\u00ebhere do t\u00eb hulumtojm\u00eb propozimet por q\u00eb k\u00ebrkon m\u00eb shum\u00eb konsultime.<br \/>\nVariantet e Rudina Hajdarit p\u00ebr sistemin zgjedhor?<br \/>\nN\u00ebse ka patur ndonj\u00eb, PS ka qen\u00eb p\u00ebr heqjen e koalicioneve. Un\u00eb dua t\u00eb jemi n\u00eb konsultim me PD dhe opozit\u00ebn, n\u00ebse ka dakord\u00ebsi edhe nga opozita jasht\u00ebparlamentare at\u00ebhere edhe ne mund t\u00eb dalim me k\u00ebt\u00eb ide. Un\u00eb kam qen\u00eb p\u00ebr heqjen e koalicioneve, dhe pas zgjedhjeve t\u00eb vendoset koalicioni qeveris\u00ebs sipas votave.<\/p>\n<p>Senat nga Basha?<br \/>\nNuk erdhi me nj\u00eb opstion t\u00eb till\u00eb PD sot n\u00eb tryez\u00eb, mesa duket e ka opsion qeveris\u00ebs por le ta ket\u00eb. \u00e7\u00ebhstjet e dhomave jan\u00eb trajtuar n\u00eb 1998 me Reform\u00ebn Kushtetutese dhe un\u00eb frenohem q\u00eb t\u00eb jap.<br \/>\nMund t\u2019i drejtohet n\u00eb t\u00eb ardhmen me Referendum shumic\u00ebs dhe elektoratit shqiptar n\u00ebse partia v\u00ebrtet fiton dhe propozon edhe ndryshime kushtetuese.\u201d- tha Gjiknuri.<\/p>","protected":false},"excerpt":{"rendered":"<p>Bashk\u00ebkryetari i Komisionit p\u00ebr Reform\u00ebn Zgjedhore Damian Gjiknuri ka komentuar dy \u00e7\u00ebshtjet t\u00eb cilat u diskutuan sot n\u00eb K\u00ebshillin Politik lidhur me sistemin zgjedhor dhe administrat\u00ebn zgjedhore. Sa i p\u00ebrket s\u00eb par\u00ebs Gjiknuri u shpreh n\u00eb em\u00ebr t\u00eb mazhoranc\u00ebs se \u00ebsht\u00eb i gatsh\u00ebm ta diskutoj\u00eb por \u00ebsht\u00eb nj\u00eb tem\u00eb q\u00eb k\u00ebrkon nj\u00eb proces t\u00eb gjer\u00eb [&hellip;]<\/p>\n","protected":false},"author":2013,"featured_media":108147,"comment_status":"open","ping_status":"closed","sticky":false,"template":"","format":"standard","meta":{"footnotes":""},"categories":[241,235],"tags":[],"class_list":{"0":"post-123533","1":"post","2":"type-post","3":"status-publish","4":"format-standard","5":"has-post-thumbnail","7":"category-aktualitet","8":"category-vendi"},"_links":{"self":[{"href":"https:\/\/zjarr.tv\/en\/wp-json\/wp\/v2\/posts\/123533","targetHints":{"allow":["GET"]}}],"collection":[{"href":"https:\/\/zjarr.tv\/en\/wp-json\/wp\/v2\/posts"}],"about":[{"href":"https:\/\/zjarr.tv\/en\/wp-json\/wp\/v2\/types\/post"}],"author":[{"embeddable":true,"href":"https:\/\/zjarr.tv\/en\/wp-json\/wp\/v2\/users\/2013"}],"replies":[{"embeddable":true,"href":"https:\/\/zjarr.tv\/en\/wp-json\/wp\/v2\/comments?post=123533"}],"version-history":[{"count":0,"href":"https:\/\/zjarr.tv\/en\/wp-json\/wp\/v2\/posts\/123533\/revisions"}],"wp:featuredmedia":[{"embeddable":true,"href":"https:\/\/zjarr.tv\/en\/wp-json\/wp\/v2\/media\/108147"}],"wp:attachment":[{"href":"https:\/\/zjarr.tv\/en\/wp-json\/wp\/v2\/media?parent=123533"}],"wp:term":[{"taxonomy":"category","embeddable":true,"href":"https:\/\/zjarr.tv\/en\/wp-json\/wp\/v2\/categories?post=123533"},{"taxonomy":"post_tag","embeddable":true,"href":"https:\/\/zjarr.tv\/en\/wp-json\/wp\/v2\/tags?post=123533"}],"curies":[{"name":"wp","href":"https:\/\/api.w.org\/{rel}","templated":true}]}}