{"id":123535,"date":"2020-03-09T14:11:10","date_gmt":"2020-03-09T13:11:10","guid":{"rendered":"https:\/\/zjarr.tv\/?p=123535"},"modified":"2020-03-09T14:11:10","modified_gmt":"2020-03-09T13:11:10","slug":"mesimi-pezullohet-2-jave-flitet-per-klasa-virtuale-ne-whats-app-dhe-videomesazhe","status":"publish","type":"post","link":"https:\/\/zjarr.tv\/en\/mesimi-pezullohet-2-jave-flitet-per-klasa-virtuale-ne-whats-app-dhe-videomesazhe\/","title":{"rendered":"M\u00ebsimi pezullohet 2 jav\u00eb, flitet p\u00ebr klasa virtuale n\u00eb whats app dhe videomesazhe"},"content":{"rendered":"<p>Shkollat do t\u00eb q\u00ebndrojn\u00eb t\u00eb mbyllura deri m\u00eb 23 mars dhe ministria e Arsimit deklaroi se do t\u00eb p\u00ebrgatiten klasa virtual n\u00eb rrjetet sociale.<\/p>\n<p>&#8220;<em>Shqet\u00ebsimi \u00ebsht\u00eb humbja e or\u00ebve t\u00eb m\u00ebsimit p\u00ebr dy jav\u00eb q\u00eb i bashkangjiten dhe ato t\u00eb humbura p\u00ebr shkak t\u00eb t\u00ebrmetit kam frik\u00eb se nuk do t\u00eb arrijm\u00eb t\u00eb z\u00ebvend\u00ebsojm\u00eb t\u00eb gjith\u00eb or\u00ebt e humbura brenda k\u00ebtij viti shkollor. Prandaj po b\u00ebjm\u00eb nj\u00eb plan p\u00ebr t\u00eb gjith\u00eb drejtor\u00ebt e shkollave q\u00eb do t\u00eb orientojn\u00eb m\u00ebsuesit t\u00eb rrin\u00eb n\u00eb kontakt me prind\u00ebrit dhe t\u00eb japin instruksione nx\u00ebn\u00ebsve t\u00eb m\u00ebsojn\u00eb nga sht\u00ebpia&#8221;\u00a0<\/em>u shpreh ministrja e Arsimit, Besa Shahini<em>\u00a0<\/em><\/p>\n<p><strong>Komunikimi \u00a0n\u00eb whats app<\/strong><\/p>\n<p><em>\u201cT\u00eb gjith\u00eb prind\u00ebrit e kemi n\u00eb grupe Whats app ku mund t\u00eb komunikojn\u00eb rregullisht q\u00eb t\u00eb orientojn\u00eb f\u00ebmij\u00ebt t\u00eb punojn\u00eb nga sht\u00ebpia. Leksionet virtual do t\u00eb ndahen cdo dit\u00eb me drejtor\u00ebt e shkollave dhe k\u00ebta m\u00ebsuesve, k\u00ebta prind\u00ebrve dhe m\u00eb pas tek f\u00ebmij\u00ebt&#8221;\u00a0<\/em>u shpreh ministrja.<em>\u00a0<\/em><\/p>","protected":false},"excerpt":{"rendered":"<p>Shkollat do t\u00eb q\u00ebndrojn\u00eb t\u00eb mbyllura deri m\u00eb 23 mars dhe ministria e Arsimit deklaroi se do t\u00eb p\u00ebrgatiten klasa virtual n\u00eb rrjetet sociale. &#8220;Shqet\u00ebsimi \u00ebsht\u00eb humbja e or\u00ebve t\u00eb m\u00ebsimit p\u00ebr dy jav\u00eb q\u00eb i bashkangjiten dhe ato t\u00eb humbura p\u00ebr shkak t\u00eb t\u00ebrmetit kam frik\u00eb se nuk do t\u00eb arrijm\u00eb t\u00eb z\u00ebvend\u00ebsojm\u00eb t\u00eb [&hellip;]<\/p>\n","protected":false},"author":2013,"featured_media":123536,"comment_status":"open","ping_status":"closed","sticky":false,"template":"","format":"standard","meta":{"footnotes":""},"categories":[241,235],"tags":[],"class_list":{"0":"post-123535","1":"post","2":"type-post","3":"status-publish","4":"format-standard","5":"has-post-thumbnail","7":"category-aktualitet","8":"category-vendi"},"_links":{"self":[{"href":"https:\/\/zjarr.tv\/en\/wp-json\/wp\/v2\/posts\/123535","targetHints":{"allow":["GET"]}}],"collection":[{"href":"https:\/\/zjarr.tv\/en\/wp-json\/wp\/v2\/posts"}],"about":[{"href":"https:\/\/zjarr.tv\/en\/wp-json\/wp\/v2\/types\/post"}],"author":[{"embeddable":true,"href":"https:\/\/zjarr.tv\/en\/wp-json\/wp\/v2\/users\/2013"}],"replies":[{"embeddable":true,"href":"https:\/\/zjarr.tv\/en\/wp-json\/wp\/v2\/comments?post=123535"}],"version-history":[{"count":0,"href":"https:\/\/zjarr.tv\/en\/wp-json\/wp\/v2\/posts\/123535\/revisions"}],"wp:featuredmedia":[{"embeddable":true,"href":"https:\/\/zjarr.tv\/en\/wp-json\/wp\/v2\/media\/123536"}],"wp:attachment":[{"href":"https:\/\/zjarr.tv\/en\/wp-json\/wp\/v2\/media?parent=123535"}],"wp:term":[{"taxonomy":"category","embeddable":true,"href":"https:\/\/zjarr.tv\/en\/wp-json\/wp\/v2\/categories?post=123535"},{"taxonomy":"post_tag","embeddable":true,"href":"https:\/\/zjarr.tv\/en\/wp-json\/wp\/v2\/tags?post=123535"}],"curies":[{"name":"wp","href":"https:\/\/api.w.org\/{rel}","templated":true}]}}