{"id":123548,"date":"2020-03-09T15:58:28","date_gmt":"2020-03-09T14:58:28","guid":{"rendered":"https:\/\/zjarr.tv\/?p=123548"},"modified":"2020-03-09T15:58:28","modified_gmt":"2020-03-09T14:58:28","slug":"spitali-infektiv-zone-ne-karantine","status":"publish","type":"post","link":"https:\/\/zjarr.tv\/en\/spitali-infektiv-zone-ne-karantine\/","title":{"rendered":"Spitali infektiv, zon\u00eb n\u00eb karantin\u00eb"},"content":{"rendered":"<p>Ashtu edhe si\u00e7 ishte paralajm\u00ebruar nga Ministria e Sh\u00ebndet\u00ebsis\u00eb, spitali infektiv tashm\u00eb do t\u00eb jet\u00eb n\u00eb dispozicion t\u00eb t\u00eb infektuarve me covid-19. Ky repart \u00ebsht\u00eb zon\u00eb n\u00eb karantin\u00eb dhe hyrja n\u00eb t\u00eb \u00ebsht\u00eb e autorizuar. N\u00eb spitalin infektiv ndodhen edhe dy pacient\u00ebt, bab\u00eb e bir, t\u00eb cil\u00ebt jan\u00eb dy personat e par\u00eb t\u00eb prekur me koronavirus.<\/p>","protected":false},"excerpt":{"rendered":"<p>Ashtu edhe si\u00e7 ishte paralajm\u00ebruar nga Ministria e Sh\u00ebndet\u00ebsis\u00eb, spitali infektiv tashm\u00eb do t\u00eb jet\u00eb n\u00eb dispozicion t\u00eb t\u00eb infektuarve me covid-19. Ky repart \u00ebsht\u00eb zon\u00eb n\u00eb karantin\u00eb dhe hyrja n\u00eb t\u00eb \u00ebsht\u00eb e autorizuar. N\u00eb spitalin infektiv ndodhen edhe dy pacient\u00ebt, bab\u00eb e bir, t\u00eb cil\u00ebt jan\u00eb dy personat e par\u00eb t\u00eb prekur me [&hellip;]<\/p>\n","protected":false},"author":2013,"featured_media":123549,"comment_status":"open","ping_status":"closed","sticky":false,"template":"","format":"standard","meta":{"footnotes":""},"categories":[241,235],"tags":[],"class_list":{"0":"post-123548","1":"post","2":"type-post","3":"status-publish","4":"format-standard","5":"has-post-thumbnail","7":"category-aktualitet","8":"category-vendi"},"_links":{"self":[{"href":"https:\/\/zjarr.tv\/en\/wp-json\/wp\/v2\/posts\/123548","targetHints":{"allow":["GET"]}}],"collection":[{"href":"https:\/\/zjarr.tv\/en\/wp-json\/wp\/v2\/posts"}],"about":[{"href":"https:\/\/zjarr.tv\/en\/wp-json\/wp\/v2\/types\/post"}],"author":[{"embeddable":true,"href":"https:\/\/zjarr.tv\/en\/wp-json\/wp\/v2\/users\/2013"}],"replies":[{"embeddable":true,"href":"https:\/\/zjarr.tv\/en\/wp-json\/wp\/v2\/comments?post=123548"}],"version-history":[{"count":0,"href":"https:\/\/zjarr.tv\/en\/wp-json\/wp\/v2\/posts\/123548\/revisions"}],"wp:featuredmedia":[{"embeddable":true,"href":"https:\/\/zjarr.tv\/en\/wp-json\/wp\/v2\/media\/123549"}],"wp:attachment":[{"href":"https:\/\/zjarr.tv\/en\/wp-json\/wp\/v2\/media?parent=123548"}],"wp:term":[{"taxonomy":"category","embeddable":true,"href":"https:\/\/zjarr.tv\/en\/wp-json\/wp\/v2\/categories?post=123548"},{"taxonomy":"post_tag","embeddable":true,"href":"https:\/\/zjarr.tv\/en\/wp-json\/wp\/v2\/tags?post=123548"}],"curies":[{"name":"wp","href":"https:\/\/api.w.org\/{rel}","templated":true}]}}