{"id":123559,"date":"2020-03-09T17:22:56","date_gmt":"2020-03-09T16:22:56","guid":{"rendered":"https:\/\/zjarr.tv\/?p=123559"},"modified":"2020-03-09T17:22:56","modified_gmt":"2020-03-09T16:22:56","slug":"mblidhet-shtabi-i-emergjencave-te-bashkise-se-tiranes-veliaj-prezanton-masat","status":"publish","type":"post","link":"https:\/\/zjarr.tv\/en\/mblidhet-shtabi-i-emergjencave-te-bashkise-se-tiranes-veliaj-prezanton-masat\/","title":{"rendered":"Mblidhet Shtabi I Emergjencave T\u00eb Bashkis\u00eb S\u00eb Tiran\u00ebs, Veliaj Prezanton Masat"},"content":{"rendered":"<p>Bashkia e Tiran\u00ebs ka marr\u00eb nj\u00eb s\u00ebr\u00eb masash me q\u00ebllim p\u00ebr t\u00eb p\u00ebrballuar p\u00ebrhapjen e koronabirusit n\u00eb kryeqytet, pasi n\u00eb vend jan\u00eb regjistruar dy rastet e para. Nga mbledhja e Shtabit t\u00eb Emergjencave t\u00eb Bashkis\u00eb s\u00eb Tiran\u00ebs lidhur me masat e marra p\u00ebr situat\u00ebn pas rasteve t\u00eb para t\u00eb koronavirusit n\u00eb vendin ton\u00eb, kryebashkiaku Erion Veliaj prezantoi nj\u00eb s\u00ebr\u00eb vendimesh t\u00eb r\u00ebnd\u00ebsishme, duke filluar q\u00eb nga ato me shkollat e gjer te transporti publik dhe te celebrimi apo ceremonit\u00eb mortore. Veliaj u b\u00ebri thirrje qytetar\u00eb q\u00eb t\u00eb tregohen t\u00eb kujdessh\u00ebm me higjien\u00ebn nd\u00ebrsa lajm\u00ebroi se ka nisur dezinfektimi i autobus\u00ebve urban. \u201cKemi filluar sot t\u00eb marrim disa masa sa i takon transportit publik. Kemi filluar dezinfektimin e rrug\u00ebve dhe t\u00eb autobus\u00ebve. Megjihat\u00eb m\u00eb lejoni t\u00eb sqaroj di\u00e7ka, nuk infekton rruga njeriun apo autobusi njeriun. Infekton njeriu njeriun. Pra robi robin. K\u00ebshtu q\u00eb k\u00ebshilla q\u00eb dha sot kryeministri p\u00ebr higjien\u00eb personale jan\u00eb ABC e rezistenc\u00ebs ndaj k\u00ebsaj sfide q\u00eb na ka ardhur n\u00eb tiran\u00eb. Megjithat\u00eb ne po b\u00ebjm\u00eb dizifnektimine rrug\u00ebve, dezinfektimin e autobus\u00ebve, po n\u00ebse ndonj\u00eb k\u00ebshill\u00eb q\u00eb vjen nga t\u00eb gjith\u00eb, m\u00ebnyra m\u00eb e mir\u00eb \u00ebsht\u00eb duke ecur ose duke i dh\u00ebn\u00eb bi\u00e7iklet\u00ebs\u201d, tha ai.<br \/>\nDuke u ndalur tek konviktet, kryebashkiaku Veliaj lajm\u00ebroi pezullimin e p\u00ebrkohsh\u00ebm t\u00eb konvikteve gjer n\u00eb rifillimin e m\u00ebsimit. \u201cKa lindur nevoja q\u00eb t\u00eb shpjegoj nj\u00eb rregull q\u00eb vjen p\u00ebr shkollat dhe q\u00eb vlen p\u00ebr shkollat dhe p\u00ebr \u00e7erdhet, vlen gjithashtu dhe p\u00ebr konviktet . Ndaj k\u00ebrkoj drejtoreshave t\u00eb konvikteve t\u00eb komunikojm\u00eb q\u00eb sot konviktet nuk do t\u00eb funksionojn\u00eb. Pra do t\u00eb aplikojn\u00eb udh\u00ebzimin e qeveris\u00eb dhe urdhrin e bashkis\u00eb s\u00eb Tiran\u00ebs p\u00ebr t\u00eb qen\u00eb n\u00eb zona t\u00eb zbrazura deri n\u00eb dat\u00ebn 3 prill. Ndaj dua q\u00eb t\u00eb gjitha drejtoreshat tona t\u00eb konvikteve t\u00eb b\u00ebjn\u00eb njoftimet p\u00ebrkat\u00ebse\u201d, deklaroi ai.<br \/>\nKreu I Bashkis\u00eb u shpreh se masa t\u00eb forta do t\u00eb merren edhe p\u00ebr celebrimet, ku p\u00ebrve\u00e7 \u00e7iftit dhe d\u00ebshmitar\u00ebve t\u00eb nevojsh\u00ebm q\u00eb k\u00ebrkon ligji, nuk do t\u00eb lejohen t\u00eb tjer\u00ebt. \u201cKam dh\u00ebn\u00eb nj\u00eb porosi q\u00eb n\u00eb t\u00eb 27 nj\u00ebsit\u00eb tona, p\u00ebrve\u00e7 \u00e7ifteve q\u00eb detyrimisht duhet t\u00eb celebrohen me d\u00ebshmitar\u00ebt e tyre, \u00e7do prani e tep\u00ebrt familjar\u00ebsh , kush\u00ebrinj, dasmor\u00ebsh, t\u00eb ruhet p\u00ebr nj\u00eb moment tjet\u00ebr. Nuk \u00ebsht\u00eb ky moment\u201d, tha Veliaj, nd\u00ebrsa b\u00ebri t\u00eb ditur se n\u00eb bashk\u00ebpunim dhe me komunitetet fetare do t\u00eb ket\u00eb masa edhe p\u00ebr sh\u00ebrbesat. Lidhur me ceremonit\u00eb mortore, Veliaj k\u00ebrkoi mir\u00ebkuptimin e qytetar\u00ebve p\u00ebr kufizime, ve\u00e7an\u00ebrisht t\u00eb ritit t\u00eb dh\u00ebnies s\u00eb dor\u00ebs. \u201cKa disa aktivitete q\u00eb tipikisht menaxhohen nga Bashkia e Tiran\u00ebs si\u00e7 jan\u00eb sh\u00ebrbimi funeral, sh\u00ebrbimet e celebrimeve, si\u00e7 jan\u00eb disa sh\u00ebrbime t\u00eb tjera. Ka disa tradita shum\u00eb t\u00eb mira shqiptare q\u00eb ne shkojm\u00eb, b\u00ebjm\u00eb p\u00ebr nj\u00ebri-tjetrin. Duke qen\u00eb se jemi n\u00eb nj\u00eb situat\u00eb emergjente, t\u00eb nj\u00eb higjien\u00eb maksimale q\u00eb k\u00ebrkohet n\u00eb raste t\u00eb tilla, zakonet e dh\u00ebnies s\u00eb dor\u00ebs n\u00eb tubime t\u00eb m\u00ebdha, kur ngush\u00ebllojm\u00eb dik\u00eb, do t\u00eb gjejm\u00eb m\u00ebnyra alternativa p\u00ebr t\u00eb shprehur keqardhjen. Do t\u00eb duhet q\u00eb n\u00eb \u00e7do sh\u00ebrbim funeral si n\u00eb sharr\u00eb dhe n\u00eb Tufin\u00eb t\u00eb k\u00ebshillojm\u00eb familjar\u00ebt q\u00eb ky nuk \u00ebsht\u00eb moment p\u00ebr t\u00eb b\u00ebr\u00eb ritualin e dh\u00ebnies s\u00eb dor\u00ebs ky \u00ebsht\u00eb momenti p\u00ebr t\u00eb shtyr\u00eb n\u00eb nj\u00eb koh\u00eb tjet\u00ebr pritjet dhe p\u00ebrcjelljet. Do t\u00eb respektojm\u00eb t\u00eb gjith\u00eb ritet e k\u00ebtyre situatave t\u00eb v\u00ebshtira p\u00ebr \u00e7do familje q\u00eb humbet t\u00eb af\u00ebrmin e vet p\u00ebrve\u00e7 dh\u00ebnies s\u00eb dor\u00ebs dhe shk\u00ebmbimit t\u00eb kontakteve\u201d, -theksoi Veliaj.<\/p>","protected":false},"excerpt":{"rendered":"<p>Bashkia e Tiran\u00ebs ka marr\u00eb nj\u00eb s\u00ebr\u00eb masash me q\u00ebllim p\u00ebr t\u00eb p\u00ebrballuar p\u00ebrhapjen e koronabirusit n\u00eb kryeqytet, pasi n\u00eb vend jan\u00eb regjistruar dy rastet e para. Nga mbledhja e Shtabit t\u00eb Emergjencave t\u00eb Bashkis\u00eb s\u00eb Tiran\u00ebs lidhur me masat e marra p\u00ebr situat\u00ebn pas rasteve t\u00eb para t\u00eb koronavirusit n\u00eb vendin ton\u00eb, kryebashkiaku Erion [&hellip;]<\/p>\n","protected":false},"author":2013,"featured_media":123560,"comment_status":"open","ping_status":"closed","sticky":false,"template":"","format":"standard","meta":{"footnotes":""},"categories":[241,235],"tags":[],"class_list":{"0":"post-123559","1":"post","2":"type-post","3":"status-publish","4":"format-standard","5":"has-post-thumbnail","7":"category-aktualitet","8":"category-vendi"},"_links":{"self":[{"href":"https:\/\/zjarr.tv\/en\/wp-json\/wp\/v2\/posts\/123559","targetHints":{"allow":["GET"]}}],"collection":[{"href":"https:\/\/zjarr.tv\/en\/wp-json\/wp\/v2\/posts"}],"about":[{"href":"https:\/\/zjarr.tv\/en\/wp-json\/wp\/v2\/types\/post"}],"author":[{"embeddable":true,"href":"https:\/\/zjarr.tv\/en\/wp-json\/wp\/v2\/users\/2013"}],"replies":[{"embeddable":true,"href":"https:\/\/zjarr.tv\/en\/wp-json\/wp\/v2\/comments?post=123559"}],"version-history":[{"count":0,"href":"https:\/\/zjarr.tv\/en\/wp-json\/wp\/v2\/posts\/123559\/revisions"}],"wp:featuredmedia":[{"embeddable":true,"href":"https:\/\/zjarr.tv\/en\/wp-json\/wp\/v2\/media\/123560"}],"wp:attachment":[{"href":"https:\/\/zjarr.tv\/en\/wp-json\/wp\/v2\/media?parent=123559"}],"wp:term":[{"taxonomy":"category","embeddable":true,"href":"https:\/\/zjarr.tv\/en\/wp-json\/wp\/v2\/categories?post=123559"},{"taxonomy":"post_tag","embeddable":true,"href":"https:\/\/zjarr.tv\/en\/wp-json\/wp\/v2\/tags?post=123559"}],"curies":[{"name":"wp","href":"https:\/\/api.w.org\/{rel}","templated":true}]}}