{"id":123570,"date":"2020-03-10T12:39:23","date_gmt":"2020-03-10T11:39:23","guid":{"rendered":"https:\/\/zjarr.tv\/?p=123570"},"modified":"2020-03-10T12:39:23","modified_gmt":"2020-03-10T11:39:23","slug":"koronavirusi-kpk-nderpret-takimet-me-qytetaret-denoncimet-online","status":"publish","type":"post","link":"https:\/\/zjarr.tv\/en\/koronavirusi-kpk-nderpret-takimet-me-qytetaret-denoncimet-online\/","title":{"rendered":"Koronavirusi, KPK nd\u00ebrpret takimet me qytetar\u00ebt. Denoncimet online"},"content":{"rendered":"<p>Komisioni i Pavarur i Kualifikimit njoftoi e duke nisur nga e h\u00ebna (dat\u00eb 9 mars) do t\u00eb nd\u00ebrpritet sh\u00ebrbimi i pritjes me qytetar\u00ebt. Sipas nj\u00eb njoftimi zyrar t\u00eb KP, kjo \u00ebsht\u00eb mas\u00eb parandaluese p\u00ebr p\u00ebrhapjen e koronavirusit. Sipas KPK, denoncimet e qytetar\u00ebve do t\u00eb b\u00ebhen online n\u00eb faqen zyrtare t\u00eb KPK-s\u00eb.<\/p>\n<p><strong>Njoftimi i KPK:<\/strong>\u00a0<em>Komisioni i Pavarur i Kualifikimit njofton se duke nisur nga data 9\/3\/2020 \u00a0sh\u00ebrbimi i pritjes me qytetar\u00ebt n\u00eb ambientet e KPK-s\u00eb do t\u00eb nd\u00ebrpritet. Kjo n\u00eb kuad\u00ebr t\u00eb rritjes s\u00eb masave parandaluese dhe p\u00ebr arsye t\u00eb situat\u00ebs s\u00eb p\u00ebrhapjes s\u00eb infeksionit t\u00eb shkaktuar \u00a0nga Covid-19 (Coronavirus i ri), me q\u00ebllim mbrojtjen e sh\u00ebndetit t\u00eb qytetar\u00ebve.<\/em><\/p>\n<p><em>Sqarojm\u00eb qytetar\u00ebt se deri n\u00eb nj\u00eb njoftim t\u00eb dyt\u00eb zyrtar nga Komisioni, denoncimet mund t\u2019i dor\u00ebzojn\u00eb n\u00ebp\u00ebrmjet post\u00ebs zyrtare, ose mund t\u2019i regjistrojn\u00eb online n\u00ebp\u00ebrmjet faqes zyrtare t\u00eb internetit \u00a0t\u00eb Komisionit kpk.al, rubrika \u201cDenonco\u201d. Ju fal\u00ebnderojm\u00eb p\u00ebr mir\u00ebkuptimin!<\/em><\/p>","protected":false},"excerpt":{"rendered":"<p>Komisioni i Pavarur i Kualifikimit njoftoi e duke nisur nga e h\u00ebna (dat\u00eb 9 mars) do t\u00eb nd\u00ebrpritet sh\u00ebrbimi i pritjes me qytetar\u00ebt. Sipas nj\u00eb njoftimi zyrar t\u00eb KP, kjo \u00ebsht\u00eb mas\u00eb parandaluese p\u00ebr p\u00ebrhapjen e koronavirusit. Sipas KPK, denoncimet e qytetar\u00ebve do t\u00eb b\u00ebhen online n\u00eb faqen zyrtare t\u00eb KPK-s\u00eb. Njoftimi i KPK:\u00a0Komisioni i [&hellip;]<\/p>\n","protected":false},"author":2013,"featured_media":123571,"comment_status":"open","ping_status":"closed","sticky":false,"template":"","format":"standard","meta":{"footnotes":""},"categories":[241,235],"tags":[],"class_list":{"0":"post-123570","1":"post","2":"type-post","3":"status-publish","4":"format-standard","5":"has-post-thumbnail","7":"category-aktualitet","8":"category-vendi"},"_links":{"self":[{"href":"https:\/\/zjarr.tv\/en\/wp-json\/wp\/v2\/posts\/123570","targetHints":{"allow":["GET"]}}],"collection":[{"href":"https:\/\/zjarr.tv\/en\/wp-json\/wp\/v2\/posts"}],"about":[{"href":"https:\/\/zjarr.tv\/en\/wp-json\/wp\/v2\/types\/post"}],"author":[{"embeddable":true,"href":"https:\/\/zjarr.tv\/en\/wp-json\/wp\/v2\/users\/2013"}],"replies":[{"embeddable":true,"href":"https:\/\/zjarr.tv\/en\/wp-json\/wp\/v2\/comments?post=123570"}],"version-history":[{"count":0,"href":"https:\/\/zjarr.tv\/en\/wp-json\/wp\/v2\/posts\/123570\/revisions"}],"wp:featuredmedia":[{"embeddable":true,"href":"https:\/\/zjarr.tv\/en\/wp-json\/wp\/v2\/media\/123571"}],"wp:attachment":[{"href":"https:\/\/zjarr.tv\/en\/wp-json\/wp\/v2\/media?parent=123570"}],"wp:term":[{"taxonomy":"category","embeddable":true,"href":"https:\/\/zjarr.tv\/en\/wp-json\/wp\/v2\/categories?post=123570"},{"taxonomy":"post_tag","embeddable":true,"href":"https:\/\/zjarr.tv\/en\/wp-json\/wp\/v2\/tags?post=123570"}],"curies":[{"name":"wp","href":"https:\/\/api.w.org\/{rel}","templated":true}]}}