{"id":123573,"date":"2020-03-10T12:41:39","date_gmt":"2020-03-10T11:41:39","guid":{"rendered":"https:\/\/zjarr.tv\/?p=123573"},"modified":"2020-03-10T12:41:39","modified_gmt":"2020-03-10T11:41:39","slug":"frika-nga-koronavirusi-dezinfektohen-institucionet-publike-ne-vlore-fier-e-elbasan","status":"publish","type":"post","link":"https:\/\/zjarr.tv\/en\/frika-nga-koronavirusi-dezinfektohen-institucionet-publike-ne-vlore-fier-e-elbasan\/","title":{"rendered":"Frika nga koronavirusi, dezinfektohen institucionet publike n\u00eb Vlor\u00eb, Fier e Elbasan"},"content":{"rendered":"<p>Konfirmimi i 6 rasteve me koronavirus n\u00eb vendin ton\u00eb ka shtuar edhe masat p\u00ebr parandalimin e virusit. N\u00eb institucionet publike n\u00eb Vlor\u00eb e Fier ka nisur dezinfektimi.<\/p>\n<p><strong>K\u00ebshtu n\u00eb Vlor\u00eb,\u00a0<\/strong>pas dezinfektimit t\u00eb spitalit rajonal, k\u00ebt\u00eb m\u00ebngjes ka nisur dezinfektimi i policis\u00eb s\u00eb qarkut, nd\u00ebrkoh\u00eb nga bashkia e Vlor\u00ebs konfirmohet se ka p\u00ebrfunduar ky proces n\u00eb \u00a080% t\u00eb shkollave t\u00eb qytetit. Jan\u00eb 4-5 shkolla q\u00eb kan\u00eb p\u00ebrfunduar dezinfektimin.<\/p>\n<p>Nga spitali rajonal i Vlor\u00ebs m\u00ebsohet se ve\u00e7 dhom\u00ebs s\u00eb karantin\u00ebs n\u00eb \u00e7do pavion \u00ebsht\u00eb ngritur tashm\u00eb nj\u00eb dhom\u00eb shtes\u00eb p\u00ebr t\u00eb mbajtur pacient\u00ebt t\u00eb cil\u00ebt dyshohen ose shfaqin simptomat e koronavirusit p\u00ebrpara se k\u00ebta t\u00eb fundit t\u00eb nisen p\u00ebrn \u00eb Tiran\u00eb.<\/p>\n<p>N\u00eb total jan\u00eb tre dhoma t\u00eb ve\u00e7anta p\u00ebr karantimin e personave t\u00eb dyshuar me koronavirus, p\u00ebrve\u00e7 karantin\u00eb s\u00eb posa\u00e7me.<\/p>\n<p>Drejtuesit shprehen se personeli \u00ebsht\u00eb i pajisur me baz\u00ebn mjek\u00ebsore t\u00eb nevojshme si dhe masat mbrojt\u00ebse. \u00a0Spitali i Vlor\u00eb ka n\u00eb gjendje 20 mij\u00eb maska kirurgjikale mbrojt\u00ebse p\u00ebr koronavirusin.<\/p>\n<p><strong>N\u00eb Fier sot<\/strong>\u00a0ka nisur dezinfektimi i shkollave dhe kopshteve. Fillimisht dezinfektimi ka nisur n\u00eb 4 shkolla dhe 7 kopshte t\u00eb qytetit t\u00eb Fierit dhe m\u00eb pas do t\u00eb shtrihet n\u00eb nj\u00ebsite asministrative.<\/p>\n<p>Jan\u00eb tre grupe t\u00eb dizinefektuesve q\u00eb po zbatojn\u00eb programin e dezinfektimit.<\/p>\n<p>N\u00eb or\u00ebn 8 t\u00eb mbr\u00ebmjes do t\u00eb nis\u00eb edhe \u00a0dezifektimi i mjediseve publike si godina , lulishte, e parqe.<\/p>\n<p>Burime nga spitali rajonal i Fierit b\u00ebjn\u00eb me dije se gjat\u00eb nat\u00ebs nuk \u00ebsht\u00eb paraqitur asnj\u00eb person me shenja t\u00eb Covid 19.<\/p>\n<p>\u00cbsht\u00eb kufizuar edhe hyrja e dalja e familjar\u00ebve t\u00eb pacient\u00ebve q\u00eb jan\u00eb t\u00eb shtruar n\u00eb spital. Nuk ka mungesa te barnave dhe medikamenteve. Ka maska dhe oksigjen t\u00eb mjaftuesh\u00ebm. Rastet e dyshuara d\u00ebrgohen n\u00eb Tiran\u00eb.<\/p>\n<p><strong>Edhe Bashkia Elbasan<\/strong>\u00a0ka nisur dezinfektimin e t\u00eb gjith\u00eb shkollave, kopshteve dhe \u00e7erdheve.Po ashtu, p\u00ebr t\u00eb evituar grumbullimet e njer\u00ebzve n\u00eb ambiente t\u00eb mbyllura \u00ebsht\u00eb ndryshuar procedura e trajtimit t\u00eb qendra ditore.<\/p>\n<p>Me urdh\u00ebr t\u00eb Kryetarit t\u00eb Bashkis\u00eb, personat q\u00eb p\u00ebrfitojn\u00eb nga trajtimi ushqimor n\u00eb k\u00ebto qendra, do t\u2019u d\u00ebrgohet ushqimi n\u00eb banesa.<\/p>\n<p>N\u00eb kuad\u00ebr t\u00eb masave parandaluese gjithashtu gjat\u00eb nat\u00ebs do t\u00eb vijoj\u00eb puna me dezinfektimin e institucioneve, transportit publik, sh\u00ebrbimit taksi dhe tregjeve.<\/p>","protected":false},"excerpt":{"rendered":"<p>Konfirmimi i 6 rasteve me koronavirus n\u00eb vendin ton\u00eb ka shtuar edhe masat p\u00ebr parandalimin e virusit. N\u00eb institucionet publike n\u00eb Vlor\u00eb e Fier ka nisur dezinfektimi. K\u00ebshtu n\u00eb Vlor\u00eb,\u00a0pas dezinfektimit t\u00eb spitalit rajonal, k\u00ebt\u00eb m\u00ebngjes ka nisur dezinfektimi i policis\u00eb s\u00eb qarkut, nd\u00ebrkoh\u00eb nga bashkia e Vlor\u00ebs konfirmohet se ka p\u00ebrfunduar ky proces n\u00eb [&hellip;]<\/p>\n","protected":false},"author":2013,"featured_media":123574,"comment_status":"open","ping_status":"closed","sticky":false,"template":"","format":"standard","meta":{"footnotes":""},"categories":[241,235],"tags":[],"class_list":{"0":"post-123573","1":"post","2":"type-post","3":"status-publish","4":"format-standard","5":"has-post-thumbnail","7":"category-aktualitet","8":"category-vendi"},"_links":{"self":[{"href":"https:\/\/zjarr.tv\/en\/wp-json\/wp\/v2\/posts\/123573","targetHints":{"allow":["GET"]}}],"collection":[{"href":"https:\/\/zjarr.tv\/en\/wp-json\/wp\/v2\/posts"}],"about":[{"href":"https:\/\/zjarr.tv\/en\/wp-json\/wp\/v2\/types\/post"}],"author":[{"embeddable":true,"href":"https:\/\/zjarr.tv\/en\/wp-json\/wp\/v2\/users\/2013"}],"replies":[{"embeddable":true,"href":"https:\/\/zjarr.tv\/en\/wp-json\/wp\/v2\/comments?post=123573"}],"version-history":[{"count":0,"href":"https:\/\/zjarr.tv\/en\/wp-json\/wp\/v2\/posts\/123573\/revisions"}],"wp:featuredmedia":[{"embeddable":true,"href":"https:\/\/zjarr.tv\/en\/wp-json\/wp\/v2\/media\/123574"}],"wp:attachment":[{"href":"https:\/\/zjarr.tv\/en\/wp-json\/wp\/v2\/media?parent=123573"}],"wp:term":[{"taxonomy":"category","embeddable":true,"href":"https:\/\/zjarr.tv\/en\/wp-json\/wp\/v2\/categories?post=123573"},{"taxonomy":"post_tag","embeddable":true,"href":"https:\/\/zjarr.tv\/en\/wp-json\/wp\/v2\/tags?post=123573"}],"curies":[{"name":"wp","href":"https:\/\/api.w.org\/{rel}","templated":true}]}}