{"id":123579,"date":"2020-03-10T13:12:37","date_gmt":"2020-03-10T12:12:37","guid":{"rendered":"https:\/\/zjarr.tv\/?p=123579"},"modified":"2020-03-10T13:12:37","modified_gmt":"2020-03-10T12:12:37","slug":"msh-nga-10-te-prekurit-me-covid-19-ne-infektiv-vetem-3-njeri-ne-durres","status":"publish","type":"post","link":"https:\/\/zjarr.tv\/en\/msh-nga-10-te-prekurit-me-covid-19-ne-infektiv-vetem-3-njeri-ne-durres\/","title":{"rendered":"MSH: Nga 10 t\u00eb prekurit me COVID 19, n\u00eb Infektiv vet\u00ebm 3, nj\u00ebri n\u00eb Durr\u00ebs"},"content":{"rendered":"<p>N\u00eb konferenc\u00ebn p\u00ebr mediat ku u njoftuan p\u00ebrdit\u00ebsimet e reja p\u00ebr t\u00eb prekurit me COVID 19 n\u00eb vendin ton\u00eb, u fol edhe p\u00ebr situat\u00ebn e pacient\u00ebve, por edhe kapaciteteve q\u00eb kan\u00eb spitalet tona.<\/p>\n<p>Zh.ministrja Mira Rakacolli deklaroi se n\u00eb k\u00ebto momente n\u00eb Infektiv po mbahen vet\u00ebm 3 persona nga 10 t\u00eb prekurit. Ajo sqaroi se dy rastet e para nuk jan\u00eb n\u00eb karantin\u00ebn e spitalit, por jan\u00eb vet\u00ebizoluar n\u00eb sht\u00ebpit\u00eb e tyre.<\/p>\n<p>\u201cT\u00eb jesh bart\u00ebs nuk \u00ebsht\u00eb nj\u00ebsoj si t\u00eb jesh i s\u00ebmur\u00eb. Por ke aft\u00ebsi ta p\u00ebr\u00e7osh virusin pavar\u00ebsisht se ti nuk mund t\u00eb s\u00ebmuresh, prandaj \u00ebsht\u00eb e nevojshme t\u00eb vet\u00ebkarantinohesh. Edhe dy pacient\u00ebt e par\u00eb jan\u00eb t\u00eb vet\u00ebizoluar. Kur je n\u00eb vet\u00ebkarantinim ke p\u00ebr detyr\u00eb t\u00eb q\u00ebndrosh n\u00eb ambient t\u00eb izoluar, personi vendos nj\u00eb mask\u00eb, t\u00eb p\u00ebrdor\u00eb ambiente t\u00eb ve\u00e7anta dhe t\u00eb njoftoj\u00eb p\u00ebr ndryshimin e gjendjens s\u00eb tij 127\u201d.<\/p>\n<p>Nj\u00eb nga 10 t\u00eb infektuarit q\u00eb \u00ebsht\u00eb nga Durr\u00ebsi po mbahet n\u00eb spitalin e Durr\u00ebsit, u sqarua gjat\u00eb konferenc\u00ebs.<\/p>\n<p>N\u00eb rastin m\u00eb t\u00eb keq, n\u00ebse do t\u00eb mbushet Infektivi, pritet q\u00eb pacientet t\u00eb hospitalizohen n\u00eb Sanatorium, n\u00eb spitalin \u201cShefqet Ndroqi\u201d.<\/p>\n<p>\u201cEdhe n\u00eb skenarin m\u00eb t\u00eb keq, n\u00eb rast se mbushet Infektivi, do t\u00eb kemi edhe spitalin Shefqet Ndroqi, i kemi marr\u00eb t\u00eb gjitha masat\u201d,- sqaroi mjekja.<\/p>","protected":false},"excerpt":{"rendered":"<p>N\u00eb konferenc\u00ebn p\u00ebr mediat ku u njoftuan p\u00ebrdit\u00ebsimet e reja p\u00ebr t\u00eb prekurit me COVID 19 n\u00eb vendin ton\u00eb, u fol edhe p\u00ebr situat\u00ebn e pacient\u00ebve, por edhe kapaciteteve q\u00eb kan\u00eb spitalet tona. Zh.ministrja Mira Rakacolli deklaroi se n\u00eb k\u00ebto momente n\u00eb Infektiv po mbahen vet\u00ebm 3 persona nga 10 t\u00eb prekurit. Ajo sqaroi se [&hellip;]<\/p>\n","protected":false},"author":2013,"featured_media":123580,"comment_status":"open","ping_status":"closed","sticky":false,"template":"","format":"standard","meta":{"footnotes":""},"categories":[241,235],"tags":[],"class_list":{"0":"post-123579","1":"post","2":"type-post","3":"status-publish","4":"format-standard","5":"has-post-thumbnail","7":"category-aktualitet","8":"category-vendi"},"_links":{"self":[{"href":"https:\/\/zjarr.tv\/en\/wp-json\/wp\/v2\/posts\/123579","targetHints":{"allow":["GET"]}}],"collection":[{"href":"https:\/\/zjarr.tv\/en\/wp-json\/wp\/v2\/posts"}],"about":[{"href":"https:\/\/zjarr.tv\/en\/wp-json\/wp\/v2\/types\/post"}],"author":[{"embeddable":true,"href":"https:\/\/zjarr.tv\/en\/wp-json\/wp\/v2\/users\/2013"}],"replies":[{"embeddable":true,"href":"https:\/\/zjarr.tv\/en\/wp-json\/wp\/v2\/comments?post=123579"}],"version-history":[{"count":0,"href":"https:\/\/zjarr.tv\/en\/wp-json\/wp\/v2\/posts\/123579\/revisions"}],"wp:featuredmedia":[{"embeddable":true,"href":"https:\/\/zjarr.tv\/en\/wp-json\/wp\/v2\/media\/123580"}],"wp:attachment":[{"href":"https:\/\/zjarr.tv\/en\/wp-json\/wp\/v2\/media?parent=123579"}],"wp:term":[{"taxonomy":"category","embeddable":true,"href":"https:\/\/zjarr.tv\/en\/wp-json\/wp\/v2\/categories?post=123579"},{"taxonomy":"post_tag","embeddable":true,"href":"https:\/\/zjarr.tv\/en\/wp-json\/wp\/v2\/tags?post=123579"}],"curies":[{"name":"wp","href":"https:\/\/api.w.org\/{rel}","templated":true}]}}