{"id":123586,"date":"2020-03-10T13:20:21","date_gmt":"2020-03-10T12:20:21","guid":{"rendered":"https:\/\/zjarr.tv\/?p=123586"},"modified":"2020-03-10T13:20:21","modified_gmt":"2020-03-10T12:20:21","slug":"balluku-nese-shteti-fqinj-do-te-terheqe-qytetare-nga-shqiperia-te-dergoje-avione-ose-tragete-bosh","status":"publish","type":"post","link":"https:\/\/zjarr.tv\/en\/balluku-nese-shteti-fqinj-do-te-terheqe-qytetare-nga-shqiperia-te-dergoje-avione-ose-tragete-bosh\/","title":{"rendered":"Balluku: N\u00ebse shteti fqinj do t\u00eb t\u00ebrheq\u00eb qytetar\u00eb nga Shqip\u00ebria, t\u00eb d\u00ebrgoj\u00eb avion\u00eb ose tragete bosh"},"content":{"rendered":"<p>Ministrja e Infrastruktur\u00ebs dhe Energjis\u00eb Belinda Balluku ka b\u00ebr\u00eb me dije se sot nd\u00ebrpriten fluturimet dhe lundrimet Shqip\u00ebri- Itali dhe anasjelltas.<\/p>\n<p>Ajo b\u00ebn me dije se n\u00ebse Italia k\u00ebrkon q\u00eb t\u00eb t\u00ebrheq\u00eb qytetar\u00eb me n\u00ebnshtet\u00ebsi italiane apo n\u00ebnshtet\u00ebsi t\u00eb tjera nga Shqip\u00ebria at\u00ebhere duhet t\u00eb d\u00ebrgoj\u00eb avion\u00eb apo tragete bosh. P\u00ebrjashtim b\u00ebjn\u00eb vet\u00ebm mallrat. Avion\u00ebt dhe anijet t\u00eb cilat transportojn\u00eb mallra do t\u00eb lejohen Shqip\u00ebri- Itali dhe anasjelltas kurse p\u00ebr personelin e k\u00ebtyre avion\u00ebve Balluku thot\u00eb se do t\u00eb jen\u00eb n\u00ebn mbikqyrjen e grupeve t\u00eb Ministris\u00eb s\u00eb Sh\u00ebndet\u00ebsis\u00eb n\u00eb Rinas, Durr\u00ebs apo Vlor\u00eb.<\/p>\n<p>\u201dAvioni i fundit i AlItalias \u00ebsht\u00eb ulur sot n\u00eb 10:30 me 64 pasagjer\u00eb t\u00eb cil\u00ebt kan\u00eb kaluar dhe jan\u00eb regjistruar nga grupet e Ministris\u00eb s\u00eb Sh\u00ebndet\u00ebsis\u00eb n\u00eb Rinas p\u00ebr t\u2019u kontrolluar dhe pas k\u00ebrkimit q\u00eb t\u00eb vet\u00ebkarantinohen. Avioni tjet\u00ebr \u00ebsht\u00eb nisur n\u00eb or\u00ebn 11:30 ai i AlItalia nga Roma dhe k\u00ebtu nd\u00ebrpriten t\u00eb gjitha fluturimet.<\/p>\n<p>Nj\u00eb shqet\u00ebsim q\u00eb na \u00ebsht\u00eb shfaqur nga ambasada apo autoritetet italiane. N\u00eb rastet kur Italia do t\u00eb t\u00ebrheq\u00eb shtetasit e saj do t\u00eb jet\u00eb e mundur vet\u00ebm kur AlItalia apo avion\u00eb t\u00eb tjer\u00eb t\u00eb aksesojn\u00eb Shqip\u00ebrin\u00eb bosh, pa pasagjer\u00eb.<\/p>\n<div id=\"pa_1x1_psbk_1583842795331\"><\/div>\n<p>Nuk do t\u00eb lejohen m\u00eb pasagjer\u00eb nga Italia p\u00ebr n\u00eb Shqip\u00ebri. Avion\u00ebt bosh mund t\u00eb marrin pasagjer\u00ebt.<\/p>\n<p>B\u00ebjm\u00eb thirrje q\u00eb kompanit\u00eb duhet t\u00eb akomodojn\u00eb, si Austrian Airlines n\u00eb Austri apo Air Albania n\u00eb Shqip\u00ebri akomodoni me data t\u00eb tjera ata q\u00eb kan\u00eb prer\u00eb bileta blera.<br \/>\nSa i p\u00ebrket transportit detar. Sot do t\u00eb nisen tragetet e fundit Vlor\u00eb- Brindisi dhe Durr\u00ebs- Bari me pasagjer\u00ebt q\u00eb kan\u00eb bler\u00eb bileta dhe jan\u00eb p\u00ebr t\u00eb udh\u00ebtuar sonte. Pas k\u00ebtij itinerari nd\u00ebrpritet \u00e7do lundrim drejt Italis\u00eb.<br \/>\nEdhe n\u00eb rastin e transportit detar vet\u00ebm anijet q\u00eb vijn\u00eb bosh nga Italia qoft\u00eb q\u00eb vijn\u00eb p\u00ebr pasagjer\u00eb me n\u00ebnshtet\u00ebsi italiane apo dhe t\u00eb tjer\u00eb.\u201d- tha Balluku.<\/p>\n<p>Po ashtu ajo shpjegoi se Ministria e Infrastruktur\u00ebs dhe Energjis\u00eb do i ofroj\u00eb sh\u00ebrbimet vet\u00ebm online n\u00eb k\u00ebt\u00eb situat\u00eb me koronavirusin.<\/p>","protected":false},"excerpt":{"rendered":"<p>Ministrja e Infrastruktur\u00ebs dhe Energjis\u00eb Belinda Balluku ka b\u00ebr\u00eb me dije se sot nd\u00ebrpriten fluturimet dhe lundrimet Shqip\u00ebri- Itali dhe anasjelltas. Ajo b\u00ebn me dije se n\u00ebse Italia k\u00ebrkon q\u00eb t\u00eb t\u00ebrheq\u00eb qytetar\u00eb me n\u00ebnshtet\u00ebsi italiane apo n\u00ebnshtet\u00ebsi t\u00eb tjera nga Shqip\u00ebria at\u00ebhere duhet t\u00eb d\u00ebrgoj\u00eb avion\u00eb apo tragete bosh. P\u00ebrjashtim b\u00ebjn\u00eb vet\u00ebm mallrat. Avion\u00ebt [&hellip;]<\/p>\n","protected":false},"author":2013,"featured_media":0,"comment_status":"open","ping_status":"closed","sticky":false,"template":"","format":"standard","meta":{"footnotes":""},"categories":[241,235],"tags":[],"class_list":{"0":"post-123586","1":"post","2":"type-post","3":"status-publish","4":"format-standard","6":"category-aktualitet","7":"category-vendi"},"_links":{"self":[{"href":"https:\/\/zjarr.tv\/en\/wp-json\/wp\/v2\/posts\/123586","targetHints":{"allow":["GET"]}}],"collection":[{"href":"https:\/\/zjarr.tv\/en\/wp-json\/wp\/v2\/posts"}],"about":[{"href":"https:\/\/zjarr.tv\/en\/wp-json\/wp\/v2\/types\/post"}],"author":[{"embeddable":true,"href":"https:\/\/zjarr.tv\/en\/wp-json\/wp\/v2\/users\/2013"}],"replies":[{"embeddable":true,"href":"https:\/\/zjarr.tv\/en\/wp-json\/wp\/v2\/comments?post=123586"}],"version-history":[{"count":0,"href":"https:\/\/zjarr.tv\/en\/wp-json\/wp\/v2\/posts\/123586\/revisions"}],"wp:attachment":[{"href":"https:\/\/zjarr.tv\/en\/wp-json\/wp\/v2\/media?parent=123586"}],"wp:term":[{"taxonomy":"category","embeddable":true,"href":"https:\/\/zjarr.tv\/en\/wp-json\/wp\/v2\/categories?post=123586"},{"taxonomy":"post_tag","embeddable":true,"href":"https:\/\/zjarr.tv\/en\/wp-json\/wp\/v2\/tags?post=123586"}],"curies":[{"name":"wp","href":"https:\/\/api.w.org\/{rel}","templated":true}]}}