{"id":123600,"date":"2020-03-10T15:03:16","date_gmt":"2020-03-10T14:03:16","guid":{"rendered":"https:\/\/zjarr.tv\/?p=123600"},"modified":"2020-03-10T15:03:16","modified_gmt":"2020-03-10T14:03:16","slug":"koronavirusi-nisin-kontrollet-per-personelin-e-forcave-te-armatosura","status":"publish","type":"post","link":"https:\/\/zjarr.tv\/en\/koronavirusi-nisin-kontrollet-per-personelin-e-forcave-te-armatosura\/","title":{"rendered":"Koronavirusi, nisin kontrollet p\u00ebr personelin e Forcave t\u00eb Armatosura"},"content":{"rendered":"<p>Ministria e Mbrojtjes dhe Forcat e Armatosura kan\u00eb nisur marrjen e masave p\u00ebr parandalimin e p\u00ebrhapjes s\u00eb koronavirusit n\u00eb strukturat vart\u00ebse t\u00eb saj. Sipas nj\u00eb komunikate t\u00eb publikuar nga Minstrja Olta Xha\u00e7ka, m\u00ebsohet se jan\u00eb kontrollet po kryhen n\u00eb repartet ushtarake por edhe te personeli sh\u00ebndet\u00ebsor.<\/p>\n<p><strong>Olta Xha\u00e7ka:<\/strong>\u00a0<em>Ministria e Mbrojtjes dhe Forcat e Armatosura kan\u00eb nisur marrjen e masave p\u00ebr parandalimin e p\u00ebrhapjes s\u00eb COVID-19 n\u00eb strukturat e vart\u00ebsis\u00eb s\u00eb saj, bazuar nga udh\u00ebzimet e Ministris\u00eb s\u00eb Sh\u00ebndet\u00ebsis\u00eb dhe Mbrojtjes Sociale, Institutit t\u00eb Sh\u00ebndetit Publik dhe Organizat\u00ebs Bot\u00ebrore t\u00eb Sh\u00ebndet\u00ebsis\u00eb.<\/em><\/p>\n<p><em>P\u00ebrve\u00e7 kontrolleve n\u00eb reparte dhe struktura ushtarake nga ekipet mjek\u00ebsore, po evidentohet personeli ushtarak\/civil q\u00eb ka udh\u00ebtuar n\u00eb zonat e infektuara jasht\u00eb vendit gjat\u00eb dy jav\u00ebve t\u00eb fundit. Ka filluar procesi i sensibilizimit t\u00eb personelit ushtarak dhe civil t\u00eb Forcave t\u00eb Armatosura rreth masave higjenike-sanitare.<\/em><\/p>","protected":false},"excerpt":{"rendered":"<p>Ministria e Mbrojtjes dhe Forcat e Armatosura kan\u00eb nisur marrjen e masave p\u00ebr parandalimin e p\u00ebrhapjes s\u00eb koronavirusit n\u00eb strukturat vart\u00ebse t\u00eb saj. Sipas nj\u00eb komunikate t\u00eb publikuar nga Minstrja Olta Xha\u00e7ka, m\u00ebsohet se jan\u00eb kontrollet po kryhen n\u00eb repartet ushtarake por edhe te personeli sh\u00ebndet\u00ebsor. Olta Xha\u00e7ka:\u00a0Ministria e Mbrojtjes dhe Forcat e Armatosura kan\u00eb [&hellip;]<\/p>\n","protected":false},"author":2013,"featured_media":123601,"comment_status":"open","ping_status":"closed","sticky":false,"template":"","format":"standard","meta":{"footnotes":""},"categories":[241,235],"tags":[],"class_list":{"0":"post-123600","1":"post","2":"type-post","3":"status-publish","4":"format-standard","5":"has-post-thumbnail","7":"category-aktualitet","8":"category-vendi"},"_links":{"self":[{"href":"https:\/\/zjarr.tv\/en\/wp-json\/wp\/v2\/posts\/123600","targetHints":{"allow":["GET"]}}],"collection":[{"href":"https:\/\/zjarr.tv\/en\/wp-json\/wp\/v2\/posts"}],"about":[{"href":"https:\/\/zjarr.tv\/en\/wp-json\/wp\/v2\/types\/post"}],"author":[{"embeddable":true,"href":"https:\/\/zjarr.tv\/en\/wp-json\/wp\/v2\/users\/2013"}],"replies":[{"embeddable":true,"href":"https:\/\/zjarr.tv\/en\/wp-json\/wp\/v2\/comments?post=123600"}],"version-history":[{"count":0,"href":"https:\/\/zjarr.tv\/en\/wp-json\/wp\/v2\/posts\/123600\/revisions"}],"wp:featuredmedia":[{"embeddable":true,"href":"https:\/\/zjarr.tv\/en\/wp-json\/wp\/v2\/media\/123601"}],"wp:attachment":[{"href":"https:\/\/zjarr.tv\/en\/wp-json\/wp\/v2\/media?parent=123600"}],"wp:term":[{"taxonomy":"category","embeddable":true,"href":"https:\/\/zjarr.tv\/en\/wp-json\/wp\/v2\/categories?post=123600"},{"taxonomy":"post_tag","embeddable":true,"href":"https:\/\/zjarr.tv\/en\/wp-json\/wp\/v2\/tags?post=123600"}],"curies":[{"name":"wp","href":"https:\/\/api.w.org\/{rel}","templated":true}]}}