{"id":123603,"date":"2020-03-10T15:04:42","date_gmt":"2020-03-10T14:04:42","guid":{"rendered":"https:\/\/zjarr.tv\/?p=123603"},"modified":"2020-03-10T15:04:42","modified_gmt":"2020-03-10T14:04:42","slug":"ofl-u-kerkon-deklarimin-e-pasurise-dy-te-denuarve-per-trafik-narkotikesh","status":"publish","type":"post","link":"https:\/\/zjarr.tv\/en\/ofl-u-kerkon-deklarimin-e-pasurise-dy-te-denuarve-per-trafik-narkotikesh\/","title":{"rendered":"OFL u k\u00ebrkon deklarimin e pasuris\u00eb dy t\u00eb d\u00ebnuarve p\u00ebr trafik narkotik\u00ebsh"},"content":{"rendered":"<p>Operacioni Forca e Ligjit u d\u00ebrgon formularin e vet\u00ebdeklarimit t\u00eb personave t\u00eb dy t\u00eb d\u00ebnuarve p\u00ebr trafik t\u00eb l\u00ebnd\u00ebve narkotike n\u00eb Itali dhe Zvic\u00ebr.<\/p>\n<p>I pari \u00ebsht\u00eb shtetasi Vangjel Zijaj, banues n\u00eb Fier, d\u00ebnuar nga autoritetet italiane t\u00eb drejt\u00ebsis\u00eb, p\u00ebr vepr\u00ebn penale \u201cTrafikim i l\u00ebnd\u00ebve narkotike\u201d.<\/p>\n<p>I dyti Ervis Rapo, banues n\u00eb Ku\u00e7ov\u00eb, d\u00ebnuar nga autoritetet zvicerane dhe italiane t\u00eb drejt\u00ebsis\u00eb, p\u00ebr vepr\u00ebn penale &#8220;Trafikim i l\u00ebnd\u00ebve narkotike\u201d.<\/p>\n<p>K\u00ebta individ\u00eb, si subjekt i Ligjit Special, duhet t\u2019u p\u00ebrgjigjen me shkrim, brenda 48 or\u00ebsh, t\u00eb gjitha pyetjeve t\u00eb OFL-s\u00eb, t\u00eb cilat do t\u2019i d\u00ebrgohen SPAK-ut, p\u00ebr veprime t\u00eb m\u00ebtejshme.<\/p>\n<p>OFL b\u00ebn me dije se t\u00eb gjith\u00eb personat q\u00eb iu \u00ebsht\u00eb d\u00ebrguar k\u00ebrkesa me shkrim p\u00ebr vet\u00ebdeklarimin e burimeve t\u00eb pasuris\u00eb, i kan\u00eb plot\u00ebsuar formular\u00ebt dhe i kan\u00eb dor\u00ebzuar pran\u00eb OFL-s\u00eb, e cila ka vijuar me procedurat, sipas p\u00ebrcaktimit n\u00eb Aktin Normativ nr. 1, t\u00eb dat\u00ebs 31 janar 2020.<\/p>","protected":false},"excerpt":{"rendered":"<p>Operacioni Forca e Ligjit u d\u00ebrgon formularin e vet\u00ebdeklarimit t\u00eb personave t\u00eb dy t\u00eb d\u00ebnuarve p\u00ebr trafik t\u00eb l\u00ebnd\u00ebve narkotike n\u00eb Itali dhe Zvic\u00ebr. I pari \u00ebsht\u00eb shtetasi Vangjel Zijaj, banues n\u00eb Fier, d\u00ebnuar nga autoritetet italiane t\u00eb drejt\u00ebsis\u00eb, p\u00ebr vepr\u00ebn penale \u201cTrafikim i l\u00ebnd\u00ebve narkotike\u201d. I dyti Ervis Rapo, banues n\u00eb Ku\u00e7ov\u00eb, d\u00ebnuar nga [&hellip;]<\/p>\n","protected":false},"author":2013,"featured_media":121248,"comment_status":"open","ping_status":"closed","sticky":false,"template":"","format":"standard","meta":{"footnotes":""},"categories":[241,235],"tags":[],"class_list":{"0":"post-123603","1":"post","2":"type-post","3":"status-publish","4":"format-standard","5":"has-post-thumbnail","7":"category-aktualitet","8":"category-vendi"},"_links":{"self":[{"href":"https:\/\/zjarr.tv\/en\/wp-json\/wp\/v2\/posts\/123603","targetHints":{"allow":["GET"]}}],"collection":[{"href":"https:\/\/zjarr.tv\/en\/wp-json\/wp\/v2\/posts"}],"about":[{"href":"https:\/\/zjarr.tv\/en\/wp-json\/wp\/v2\/types\/post"}],"author":[{"embeddable":true,"href":"https:\/\/zjarr.tv\/en\/wp-json\/wp\/v2\/users\/2013"}],"replies":[{"embeddable":true,"href":"https:\/\/zjarr.tv\/en\/wp-json\/wp\/v2\/comments?post=123603"}],"version-history":[{"count":0,"href":"https:\/\/zjarr.tv\/en\/wp-json\/wp\/v2\/posts\/123603\/revisions"}],"wp:featuredmedia":[{"embeddable":true,"href":"https:\/\/zjarr.tv\/en\/wp-json\/wp\/v2\/media\/121248"}],"wp:attachment":[{"href":"https:\/\/zjarr.tv\/en\/wp-json\/wp\/v2\/media?parent=123603"}],"wp:term":[{"taxonomy":"category","embeddable":true,"href":"https:\/\/zjarr.tv\/en\/wp-json\/wp\/v2\/categories?post=123603"},{"taxonomy":"post_tag","embeddable":true,"href":"https:\/\/zjarr.tv\/en\/wp-json\/wp\/v2\/tags?post=123603"}],"curies":[{"name":"wp","href":"https:\/\/api.w.org\/{rel}","templated":true}]}}