{"id":123611,"date":"2020-03-10T15:10:20","date_gmt":"2020-03-10T14:10:20","guid":{"rendered":"https:\/\/zjarr.tv\/?p=123611"},"modified":"2020-03-10T15:10:20","modified_gmt":"2020-03-10T14:10:20","slug":"koronavirusi-rama-tjeter-mbledhje-urgjente-te-qeverise-priten-masa-te-reja","status":"publish","type":"post","link":"https:\/\/zjarr.tv\/en\/koronavirusi-rama-tjeter-mbledhje-urgjente-te-qeverise-priten-masa-te-reja\/","title":{"rendered":"Koronavirusi, Rama tjet\u00ebr mbledhje urgjente t\u00eb qeveris\u00eb, priten masa t\u00eb reja"},"content":{"rendered":"<p>Kryeministri Edi Rama njofton tjet\u00ebr mbledhje urgjente t\u00eb qeveris\u00eb.<\/p>\n<p>Pas mbledhjes s\u00eb djeshme, m\u00ebsohet se Rama do t\u00eb mbledh\u00eb edhe k\u00ebt\u00eb pasditen qeverin\u00eb, n\u00eb or\u00ebn 15:30, ku n\u00eb fokus \u00ebsht\u00eb s\u00ebrish koronavirusi.<\/p>\n<p>Pritet q\u00eb n\u00eb mbledhje t\u00eb merren t\u00eb tjera masa p\u00ebr parandalimin e virusit vdekjeprur\u00ebs, pasi nj\u00eb gj\u00eb e till\u00eb u paralajm\u00ebrua edhe nga Ministria e Sh\u00ebndet\u00ebsis\u00eb, gjat\u00eb konferenc\u00ebs s\u00eb sotme p\u00ebr shtyp.<\/p>\n<p>Kujtojm\u00eb se brenda dy dit\u00ebve numri i t\u00eb prekurve nga koronavirusi n\u00eb vendin ton\u00eb ka shkuar n\u00eb 10, nd\u00ebrsa po b\u00ebhen analizat p\u00ebr shum\u00eb raste t\u00eb tjera t\u00eb dyshuara.<\/p>","protected":false},"excerpt":{"rendered":"<p>Kryeministri Edi Rama njofton tjet\u00ebr mbledhje urgjente t\u00eb qeveris\u00eb. Pas mbledhjes s\u00eb djeshme, m\u00ebsohet se Rama do t\u00eb mbledh\u00eb edhe k\u00ebt\u00eb pasditen qeverin\u00eb, n\u00eb or\u00ebn 15:30, ku n\u00eb fokus \u00ebsht\u00eb s\u00ebrish koronavirusi. Pritet q\u00eb n\u00eb mbledhje t\u00eb merren t\u00eb tjera masa p\u00ebr parandalimin e virusit vdekjeprur\u00ebs, pasi nj\u00eb gj\u00eb e till\u00eb u paralajm\u00ebrua edhe nga [&hellip;]<\/p>\n","protected":false},"author":2013,"featured_media":123305,"comment_status":"open","ping_status":"closed","sticky":false,"template":"","format":"standard","meta":{"footnotes":""},"categories":[241,235],"tags":[],"class_list":{"0":"post-123611","1":"post","2":"type-post","3":"status-publish","4":"format-standard","5":"has-post-thumbnail","7":"category-aktualitet","8":"category-vendi"},"_links":{"self":[{"href":"https:\/\/zjarr.tv\/en\/wp-json\/wp\/v2\/posts\/123611","targetHints":{"allow":["GET"]}}],"collection":[{"href":"https:\/\/zjarr.tv\/en\/wp-json\/wp\/v2\/posts"}],"about":[{"href":"https:\/\/zjarr.tv\/en\/wp-json\/wp\/v2\/types\/post"}],"author":[{"embeddable":true,"href":"https:\/\/zjarr.tv\/en\/wp-json\/wp\/v2\/users\/2013"}],"replies":[{"embeddable":true,"href":"https:\/\/zjarr.tv\/en\/wp-json\/wp\/v2\/comments?post=123611"}],"version-history":[{"count":0,"href":"https:\/\/zjarr.tv\/en\/wp-json\/wp\/v2\/posts\/123611\/revisions"}],"wp:featuredmedia":[{"embeddable":true,"href":"https:\/\/zjarr.tv\/en\/wp-json\/wp\/v2\/media\/123305"}],"wp:attachment":[{"href":"https:\/\/zjarr.tv\/en\/wp-json\/wp\/v2\/media?parent=123611"}],"wp:term":[{"taxonomy":"category","embeddable":true,"href":"https:\/\/zjarr.tv\/en\/wp-json\/wp\/v2\/categories?post=123611"},{"taxonomy":"post_tag","embeddable":true,"href":"https:\/\/zjarr.tv\/en\/wp-json\/wp\/v2\/tags?post=123611"}],"curies":[{"name":"wp","href":"https:\/\/api.w.org\/{rel}","templated":true}]}}