{"id":123616,"date":"2020-03-10T16:24:28","date_gmt":"2020-03-10T15:24:28","guid":{"rendered":"https:\/\/zjarr.tv\/?p=123616"},"modified":"2020-03-10T16:24:28","modified_gmt":"2020-03-10T15:24:28","slug":"rama-do-mbyllim-disko-pube-dhe-palestra-do-japim-bonuse-1000-euro-per-mjeket-500-per-infermieret-qe-sherbejne","status":"publish","type":"post","link":"https:\/\/zjarr.tv\/en\/rama-do-mbyllim-disko-pube-dhe-palestra-do-japim-bonuse-1000-euro-per-mjeket-500-per-infermieret-qe-sherbejne\/","title":{"rendered":"Rama: Do mbyllim disko, pube dhe palestra. Do japim bonuse 1000 euro p\u00ebr mjek\u00ebt, 500 p\u00ebr infermier\u00ebt q\u00eb sh\u00ebrbejn\u00eb\u2026."},"content":{"rendered":"<p>Kryeministri Edi Rama n\u00eb nj\u00eb fjalim p\u00ebr situat\u00ebn e koronavirusit n\u00eb vend, deklaroi se situata \u00ebsht\u00eb as m\u00eb pak e as m\u00eb shum\u00eb se nj\u00eb \u201cluft\u00eb e v\u00ebrtet\u00eb\u201d.<\/p>\n<p>Rama u shpreh se Shqip\u00ebria do marr\u00eb masa, duke shtuar se do mbyllen ambientet me shum\u00eb persona t\u00eb tilla si pubet, diskot dhe palestrat.<\/p>\n<p>\u201cT\u00eb kontribojm\u00eb t\u00eb gjith\u00eb n\u00eb k\u00ebt\u00eb luft\u00eb. Do ta trajtojm\u00eb si armik p\u00ebr t\u00eb zvog\u00ebrluar plag\u00ebt dhe humbjet. Kjo \u00ebsht\u00eb luft\u00eb, pasi n\u00eb Italin\u00eb fqinje nuk ka m\u00eb asnj\u00eb dyqan hapur. Jemi n\u00eb kushtet ku shum\u00ebkush po luan me veten dhe tjer\u00ebt. Po luan me motr\u00ebn e v\u00ebllain, baban\u00eb dhe n\u00ebn\u00ebn. Kjo \u00ebsht\u00eb forc\u00eb\u00a0 e verb\u00ebr q\u00eb t\u00eb k\u00ebput gjunj\u00ebt. Po prek gjith\u00eb bot\u00ebn. Do mbyllen pabe, palestra. Ne do mbyllim pube, disko, palestra dhe mjedise q\u00eb mbledhin shum\u00eb njer\u00ebz. Do i mbyllim t\u00eb gjitha p\u00ebr t\u00eb vendosur sh\u00ebndetin t\u00eb parin. Kjo gj\u00eb duhet b\u00ebr\u00eb\u201d, tha Rama.<\/p>\n<p>Edi Rama m\u00eb tej tha se do t\u00eb jepen bonuse 100 euro p\u00ebr mjek\u00ebt q\u00eb sh\u00ebrbejn\u00eb p\u00ebr situat\u00ebn dhe 500 euro bonuse p\u00ebr infermier\u00ebt e shofer\u00ebt.<\/p>\n<p>\u201cEjani bashk\u00eb me ne, njihuni me skenar\u00ebt dhe planet tona. Kjo nuk \u00ebsht\u00eb luft\u00eb dhe asnj\u00eb luft\u00eb nuk b\u00ebhet pa bashk\u00ebpunim. Ka luft\u00eb t\u00eb ndryshme, ka algoritme p\u00ebr t\u00eb ushqyer rezistenc\u00ebn. Disa ekrane duan gjak, por duhet b\u00ebr\u00eb kjo luft\u00eb p\u00ebr njer\u00ebzit e zakonsh\u00ebm. Ftesa ime \u00ebsht\u00eb q\u00eb ejani ta kalojm\u00eb s\u00eb bashku k\u00ebt\u00eb situat\u00eb. Nuk ka nevoj\u00eb p\u00ebr asgj\u00eb q\u00eb l\u00ebndon nj\u00eb popull t\u00eb t\u00ebr\u00eb. Ftesa \u00ebsht\u00eb shum\u00eb e sinqert\u00eb. Opozita \u00ebsht\u00eb e ftuar dhe \u00ebsht\u00eb tep\u00ebr e sinqert\u00eb kjo ftes\u00eb. Ne kemi treguar veten m\u00eb 26 n\u00ebntor kur ra t\u00ebrmet dhe po e tregojm\u00eb veten prap\u00eb. Ka mjek dhe infermier t\u00eb angazhuar n\u00eb luft\u00ebn frontale ndaj koronavirusit. Do i paguajm\u00eb 1000 euro plus n\u00eb muaj deri n\u00eb mbarimin e pun\u00ebs. Infermier\u00ebt, shofer\u00ebt dhe sanitar\u00ebt do marrin 500 euro plus\u201d, u shpreh ai.<\/p>","protected":false},"excerpt":{"rendered":"<p>Kryeministri Edi Rama n\u00eb nj\u00eb fjalim p\u00ebr situat\u00ebn e koronavirusit n\u00eb vend, deklaroi se situata \u00ebsht\u00eb as m\u00eb pak e as m\u00eb shum\u00eb se nj\u00eb \u201cluft\u00eb e v\u00ebrtet\u00eb\u201d. Rama u shpreh se Shqip\u00ebria do marr\u00eb masa, duke shtuar se do mbyllen ambientet me shum\u00eb persona t\u00eb tilla si pubet, diskot dhe palestrat. \u201cT\u00eb kontribojm\u00eb t\u00eb [&hellip;]<\/p>\n","protected":false},"author":2013,"featured_media":123614,"comment_status":"open","ping_status":"closed","sticky":false,"template":"","format":"standard","meta":{"footnotes":""},"categories":[241,235],"tags":[],"class_list":{"0":"post-123616","1":"post","2":"type-post","3":"status-publish","4":"format-standard","5":"has-post-thumbnail","7":"category-aktualitet","8":"category-vendi"},"_links":{"self":[{"href":"https:\/\/zjarr.tv\/en\/wp-json\/wp\/v2\/posts\/123616","targetHints":{"allow":["GET"]}}],"collection":[{"href":"https:\/\/zjarr.tv\/en\/wp-json\/wp\/v2\/posts"}],"about":[{"href":"https:\/\/zjarr.tv\/en\/wp-json\/wp\/v2\/types\/post"}],"author":[{"embeddable":true,"href":"https:\/\/zjarr.tv\/en\/wp-json\/wp\/v2\/users\/2013"}],"replies":[{"embeddable":true,"href":"https:\/\/zjarr.tv\/en\/wp-json\/wp\/v2\/comments?post=123616"}],"version-history":[{"count":0,"href":"https:\/\/zjarr.tv\/en\/wp-json\/wp\/v2\/posts\/123616\/revisions"}],"wp:featuredmedia":[{"embeddable":true,"href":"https:\/\/zjarr.tv\/en\/wp-json\/wp\/v2\/media\/123614"}],"wp:attachment":[{"href":"https:\/\/zjarr.tv\/en\/wp-json\/wp\/v2\/media?parent=123616"}],"wp:term":[{"taxonomy":"category","embeddable":true,"href":"https:\/\/zjarr.tv\/en\/wp-json\/wp\/v2\/categories?post=123616"},{"taxonomy":"post_tag","embeddable":true,"href":"https:\/\/zjarr.tv\/en\/wp-json\/wp\/v2\/tags?post=123616"}],"curies":[{"name":"wp","href":"https:\/\/api.w.org\/{rel}","templated":true}]}}