{"id":123627,"date":"2020-03-11T11:36:18","date_gmt":"2020-03-11T10:36:18","guid":{"rendered":"https:\/\/zjarr.tv\/?p=123627"},"modified":"2020-03-11T11:36:18","modified_gmt":"2020-03-11T10:36:18","slug":"tirana-3-dite-pa-drita-ja-zonat-ku-do-nderpritet-energjia-elektrike","status":"publish","type":"post","link":"https:\/\/zjarr.tv\/en\/tirana-3-dite-pa-drita-ja-zonat-ku-do-nderpritet-energjia-elektrike\/","title":{"rendered":"Tirana 3 dit\u00eb pa drita, ja zonat ku do nd\u00ebrpritet energjia elektrike"},"content":{"rendered":"<p>P\u00ebr 3 dit\u00eb, Tirana do t\u00eb ket\u00eb kufizime n\u00eb furnizimin me energji elektrike.<\/p>\n<p>Sipas OSHEE n\u00eb vijim t\u00eb punimeve p\u00ebr rikonstruksionin e kabinave, n\u00eb datat 11-12 mars do t\u00eb punohet n\u00eb disa kabina n\u00eb kryeqytet, e p\u00ebr pasoj\u00eb do t\u00eb stakohet energjia n\u00eb k\u00ebto zona n\u00eb Tiran\u00eb<\/p>\n<p><strong>11 mars<\/strong><\/p>\n<p>09:00-15:00<\/p>\n<p>Pjes\u00ebrisht rrug\u00ebt: \u201cAndrea Mano\u201d, \u201cRruga e Dibr\u00ebs\u201d, prane shkoll\u00ebs \u201cBajram Curri\u201d, \u201cTefta Tashko Ko\u00e7o\u201d, pran\u00eb sheshit \u201cAvni Rustemi\u201d, \u201cHysen Xhura\u201d<\/p>\n<p><strong>12 mars<\/strong><\/p>\n<p>09:00-15:00<\/p>\n<p>Pjes\u00ebrisht rrug\u00ebt: \u201cImer Ndregjoni\u201d, pran\u00eb ish-shkoll\u00ebs s\u00eb Bashkuar, \u201cPjet\u00ebr Budi\u201d<\/p>\n<p><strong>13 mars<\/strong><\/p>\n<p>09:00-15:00<\/p>\n<p>Pjes\u00ebrisht rruga e Fark\u00ebs<\/p>","protected":false},"excerpt":{"rendered":"<p>P\u00ebr 3 dit\u00eb, Tirana do t\u00eb ket\u00eb kufizime n\u00eb furnizimin me energji elektrike. Sipas OSHEE n\u00eb vijim t\u00eb punimeve p\u00ebr rikonstruksionin e kabinave, n\u00eb datat 11-12 mars do t\u00eb punohet n\u00eb disa kabina n\u00eb kryeqytet, e p\u00ebr pasoj\u00eb do t\u00eb stakohet energjia n\u00eb k\u00ebto zona n\u00eb Tiran\u00eb 11 mars 09:00-15:00 Pjes\u00ebrisht rrug\u00ebt: \u201cAndrea Mano\u201d, \u201cRruga [&hellip;]<\/p>\n","protected":false},"author":2013,"featured_media":53743,"comment_status":"open","ping_status":"closed","sticky":false,"template":"","format":"standard","meta":{"footnotes":""},"categories":[241,235],"tags":[],"class_list":{"0":"post-123627","1":"post","2":"type-post","3":"status-publish","4":"format-standard","5":"has-post-thumbnail","7":"category-aktualitet","8":"category-vendi"},"_links":{"self":[{"href":"https:\/\/zjarr.tv\/en\/wp-json\/wp\/v2\/posts\/123627","targetHints":{"allow":["GET"]}}],"collection":[{"href":"https:\/\/zjarr.tv\/en\/wp-json\/wp\/v2\/posts"}],"about":[{"href":"https:\/\/zjarr.tv\/en\/wp-json\/wp\/v2\/types\/post"}],"author":[{"embeddable":true,"href":"https:\/\/zjarr.tv\/en\/wp-json\/wp\/v2\/users\/2013"}],"replies":[{"embeddable":true,"href":"https:\/\/zjarr.tv\/en\/wp-json\/wp\/v2\/comments?post=123627"}],"version-history":[{"count":0,"href":"https:\/\/zjarr.tv\/en\/wp-json\/wp\/v2\/posts\/123627\/revisions"}],"wp:featuredmedia":[{"embeddable":true,"href":"https:\/\/zjarr.tv\/en\/wp-json\/wp\/v2\/media\/53743"}],"wp:attachment":[{"href":"https:\/\/zjarr.tv\/en\/wp-json\/wp\/v2\/media?parent=123627"}],"wp:term":[{"taxonomy":"category","embeddable":true,"href":"https:\/\/zjarr.tv\/en\/wp-json\/wp\/v2\/categories?post=123627"},{"taxonomy":"post_tag","embeddable":true,"href":"https:\/\/zjarr.tv\/en\/wp-json\/wp\/v2\/tags?post=123627"}],"curies":[{"name":"wp","href":"https:\/\/api.w.org\/{rel}","templated":true}]}}