{"id":123631,"date":"2020-03-11T11:42:06","date_gmt":"2020-03-11T10:42:06","guid":{"rendered":"https:\/\/zjarr.tv\/?p=123631"},"modified":"2020-03-11T11:42:06","modified_gmt":"2020-03-11T10:42:06","slug":"koronavirusi-pezullohet-seanca-plenare-ne-kuvend-deputetet-vijojne-punen-ne-komisione","status":"publish","type":"post","link":"https:\/\/zjarr.tv\/en\/koronavirusi-pezullohet-seanca-plenare-ne-kuvend-deputetet-vijojne-punen-ne-komisione\/","title":{"rendered":"Koronavirusi, pezullohet seanca plenare n\u00eb Kuvend. Deputet\u00ebt vijojn\u00eb pun\u00ebn n\u00eb komisione"},"content":{"rendered":"<p>Kryetari i Grupit Parlamentar socialist Taulant Balla njoftoi t\u00eb m\u00ebrkur\u00ebn se Kuvendi nuk do t\u00eb mblidhet n\u00eb seanc\u00ebn plenare t\u00eb s\u00eb enjtes. Sipas tij, ky \u00ebsht\u00eb nj\u00eb vendim q\u00eb vjen n\u00eb kuad\u00ebr t\u00eb angazhimit p\u00ebr masat kund\u00ebr koronavirusit. Megjithat\u00eb, Taulant Balla thot\u00eb se deputet\u00ebt do t\u00eb vijojn\u00eb t\u00eb punojn\u00eb n\u00eb komisionet parlamentare.<\/p>\n<p><strong>Taulant Balla:<\/strong>\u00a0<em>Kuvendi i Shqip\u00ebris\u00eb nuk do t\u00eb mblidhet n\u00eb seanc\u00eb plenare, n\u00eb kuad\u00ebr t\u00eb masave t\u00eb domosdoshme p\u00ebr situat\u00ebn e emergjenc\u00ebs. Deputet\u00ebt do t\u00eb vijojn\u00eb angazhimin e tyre n\u00eb komisione dhe n\u00eb ndjekjen e situat\u00ebs, duke respektuar masat e rrepta t\u00eb p\u00ebrcaktuara nga MSH. Frik\u00eb jo, kujdes po.\u00a0<\/em><\/p>\n<p><em>Masat shtr\u00ebnguese do t\u00eb vijojn\u00eb sipas planit dhe kontributi i \u00e7do qytetari \u00ebsht\u00eb esencial p\u00ebr p\u00ebrballimin me sa m\u00eb pak pasoja t\u00eb armikut t\u00eb paduksh\u00ebm q\u00eb k\u00ebrc\u00ebnon sh\u00ebndetin ton\u00eb e t\u00eb njer\u00ebzve m\u00eb t\u00eb dashur rreth nesh. T\u00eb bashkuar, nj\u00eb shtet nj\u00eb familje.\u00a0<\/em><\/p>","protected":false},"excerpt":{"rendered":"<p>Kryetari i Grupit Parlamentar socialist Taulant Balla njoftoi t\u00eb m\u00ebrkur\u00ebn se Kuvendi nuk do t\u00eb mblidhet n\u00eb seanc\u00ebn plenare t\u00eb s\u00eb enjtes. Sipas tij, ky \u00ebsht\u00eb nj\u00eb vendim q\u00eb vjen n\u00eb kuad\u00ebr t\u00eb angazhimit p\u00ebr masat kund\u00ebr koronavirusit. Megjithat\u00eb, Taulant Balla thot\u00eb se deputet\u00ebt do t\u00eb vijojn\u00eb t\u00eb punojn\u00eb n\u00eb komisionet parlamentare. Taulant Balla:\u00a0Kuvendi i [&hellip;]<\/p>\n","protected":false},"author":2013,"featured_media":72409,"comment_status":"open","ping_status":"closed","sticky":false,"template":"","format":"standard","meta":{"footnotes":""},"categories":[241,235],"tags":[],"class_list":{"0":"post-123631","1":"post","2":"type-post","3":"status-publish","4":"format-standard","5":"has-post-thumbnail","7":"category-aktualitet","8":"category-vendi"},"_links":{"self":[{"href":"https:\/\/zjarr.tv\/en\/wp-json\/wp\/v2\/posts\/123631","targetHints":{"allow":["GET"]}}],"collection":[{"href":"https:\/\/zjarr.tv\/en\/wp-json\/wp\/v2\/posts"}],"about":[{"href":"https:\/\/zjarr.tv\/en\/wp-json\/wp\/v2\/types\/post"}],"author":[{"embeddable":true,"href":"https:\/\/zjarr.tv\/en\/wp-json\/wp\/v2\/users\/2013"}],"replies":[{"embeddable":true,"href":"https:\/\/zjarr.tv\/en\/wp-json\/wp\/v2\/comments?post=123631"}],"version-history":[{"count":0,"href":"https:\/\/zjarr.tv\/en\/wp-json\/wp\/v2\/posts\/123631\/revisions"}],"wp:featuredmedia":[{"embeddable":true,"href":"https:\/\/zjarr.tv\/en\/wp-json\/wp\/v2\/media\/72409"}],"wp:attachment":[{"href":"https:\/\/zjarr.tv\/en\/wp-json\/wp\/v2\/media?parent=123631"}],"wp:term":[{"taxonomy":"category","embeddable":true,"href":"https:\/\/zjarr.tv\/en\/wp-json\/wp\/v2\/categories?post=123631"},{"taxonomy":"post_tag","embeddable":true,"href":"https:\/\/zjarr.tv\/en\/wp-json\/wp\/v2\/tags?post=123631"}],"curies":[{"name":"wp","href":"https:\/\/api.w.org\/{rel}","templated":true}]}}