{"id":123633,"date":"2020-03-11T11:43:02","date_gmt":"2020-03-11T10:43:02","guid":{"rendered":"https:\/\/zjarr.tv\/?p=123633"},"modified":"2020-03-11T11:43:02","modified_gmt":"2020-03-11T10:43:02","slug":"koronavirusi-meta-takon-kreun-e-obsh-ne-tirane-ska-vend-per-panik-por-per-kujdes","status":"publish","type":"post","link":"https:\/\/zjarr.tv\/en\/koronavirusi-meta-takon-kreun-e-obsh-ne-tirane-ska-vend-per-panik-por-per-kujdes\/","title":{"rendered":"Koronavirusi, Meta takon kreun e OBSH n\u00eb Tiran\u00eb: S`ka vend p\u00ebr panik, por p\u00ebr kujdes"},"content":{"rendered":"<p>Presidenti Ilir Meta priti n\u00eb nj\u00eb takim Drejtorin e Zyr\u00ebs s\u00eb Organizat\u00ebs Bot\u00ebrore t\u00eb Sh\u00ebndet\u00ebsis\u00eb n\u00eb Tiran\u00eb Raul Gonzales, me t\u00eb cilin bisedoi p\u00ebr masat e marra p\u00ebr mbrojtjen nga koronavirusi. Sipas njoftimit t\u00eb Preidentit, nuk ka vend p\u00ebr panik por duhet kujdes maksimal nga t\u00eb gjith\u00eb qytetar\u00ebt.<\/p>\n<p><strong>Ilir Meta:<\/strong>\u00a0<em>Nj\u00eb bised\u00eb konstruktive me Drejtorin e Zyr\u00ebs s\u00eb Organizat\u00ebs Bot\u00ebrore t\u00eb Sh\u00ebndet\u00ebsis\u00eb n\u00eb Tiran\u00eb, Dr.Raul Gonzalez, lidhur me masat mbrojt\u00ebse t\u00eb marra nga institucionet tona shtet\u00ebrore p\u00ebr p\u00ebrballimin me pasoja sa m\u00eb t\u00eb lehta t\u00eb coronavirusit.<\/em><\/p>\n<p><em>Nuk ka vend p\u00ebr panik, por kujdesi duhet t\u00eb jet\u00eb maksimal nga \u00e7do qytetar! \u00cbsht\u00eb i domosdosh\u00ebm zbatimi me rigorozitet i protokollove sh\u00ebndet\u00ebsore dhe i k\u00ebshillave t\u00eb stafeve mjek\u00ebsore nga t\u00eb gjith\u00eb! S\u00eb bashku p\u00ebr t\u00eb mbrojtur sh\u00ebndetin e \u00e7do qytetari!<\/em><\/p>","protected":false},"excerpt":{"rendered":"<p>Presidenti Ilir Meta priti n\u00eb nj\u00eb takim Drejtorin e Zyr\u00ebs s\u00eb Organizat\u00ebs Bot\u00ebrore t\u00eb Sh\u00ebndet\u00ebsis\u00eb n\u00eb Tiran\u00eb Raul Gonzales, me t\u00eb cilin bisedoi p\u00ebr masat e marra p\u00ebr mbrojtjen nga koronavirusi. Sipas njoftimit t\u00eb Preidentit, nuk ka vend p\u00ebr panik por duhet kujdes maksimal nga t\u00eb gjith\u00eb qytetar\u00ebt. Ilir Meta:\u00a0Nj\u00eb bised\u00eb konstruktive me Drejtorin e [&hellip;]<\/p>\n","protected":false},"author":2013,"featured_media":123634,"comment_status":"open","ping_status":"closed","sticky":false,"template":"","format":"standard","meta":{"footnotes":""},"categories":[241,235],"tags":[],"class_list":{"0":"post-123633","1":"post","2":"type-post","3":"status-publish","4":"format-standard","5":"has-post-thumbnail","7":"category-aktualitet","8":"category-vendi"},"_links":{"self":[{"href":"https:\/\/zjarr.tv\/en\/wp-json\/wp\/v2\/posts\/123633","targetHints":{"allow":["GET"]}}],"collection":[{"href":"https:\/\/zjarr.tv\/en\/wp-json\/wp\/v2\/posts"}],"about":[{"href":"https:\/\/zjarr.tv\/en\/wp-json\/wp\/v2\/types\/post"}],"author":[{"embeddable":true,"href":"https:\/\/zjarr.tv\/en\/wp-json\/wp\/v2\/users\/2013"}],"replies":[{"embeddable":true,"href":"https:\/\/zjarr.tv\/en\/wp-json\/wp\/v2\/comments?post=123633"}],"version-history":[{"count":0,"href":"https:\/\/zjarr.tv\/en\/wp-json\/wp\/v2\/posts\/123633\/revisions"}],"wp:featuredmedia":[{"embeddable":true,"href":"https:\/\/zjarr.tv\/en\/wp-json\/wp\/v2\/media\/123634"}],"wp:attachment":[{"href":"https:\/\/zjarr.tv\/en\/wp-json\/wp\/v2\/media?parent=123633"}],"wp:term":[{"taxonomy":"category","embeddable":true,"href":"https:\/\/zjarr.tv\/en\/wp-json\/wp\/v2\/categories?post=123633"},{"taxonomy":"post_tag","embeddable":true,"href":"https:\/\/zjarr.tv\/en\/wp-json\/wp\/v2\/tags?post=123633"}],"curies":[{"name":"wp","href":"https:\/\/api.w.org\/{rel}","templated":true}]}}