{"id":123636,"date":"2020-03-11T11:44:01","date_gmt":"2020-03-11T10:44:01","guid":{"rendered":"https:\/\/zjarr.tv\/?p=123636"},"modified":"2020-03-11T11:44:01","modified_gmt":"2020-03-11T10:44:01","slug":"olsian-cela-urdher-prokurorive-ne-rrethe-per-covid-19-kufizoni-kontaktet-me-qytetaret","status":"publish","type":"post","link":"https:\/\/zjarr.tv\/en\/olsian-cela-urdher-prokurorive-ne-rrethe-per-covid-19-kufizoni-kontaktet-me-qytetaret\/","title":{"rendered":"Olsian \u00c7ela urdh\u00ebr prokurorive n\u00eb rrethe p\u00ebr COVID 19: Kufizoni kontaktet me qytetar\u00ebt"},"content":{"rendered":"<p>Pas vendimit t\u00eb K\u00ebshillit t\u00eb Lart\u00eb Gjyq\u00ebsor p\u00ebr pezullimin e veprimtaris\u00eb dhe sh\u00ebrbimeve gjyq\u00ebsore n\u00eb t\u00eb gjitha gjykatat n\u00eb Republik\u00ebn e Shqip\u00ebris\u00eb edhe prokuroria e P\u00ebrgjithshme ka dal\u00eb me nj\u00eb udh\u00ebzim p\u00ebr prokurorit\u00eb e rretheve ku rekomandohet kufizimi n\u00eb maksimum i kontaktit me qytetar\u00ebt.<\/p>\n<p>Udh\u00ebzimi q\u00eb mban firm\u00ebn e kryeprokurorit Olsian \u00c7ela ka p\u00ebr q\u00ebllim p\u00ebr t\u00eb siguruar mbrojtjen nga infeksioni i shkaktuar nga COVID-2019 t\u00eb sh\u00ebndetit t\u00eb punonj\u00ebsve n\u00eb administrat\u00ebn e prokurorive me juridiksion t\u00eb p\u00ebrgjithsh\u00ebm dhe t\u00eb sh\u00ebndetit t\u00eb shtetasve t\u00eb interesuar p\u00ebr sh\u00ebrbime n\u00eb prokurori, si dhe mbar\u00ebvajtjen e pun\u00ebs n\u00eb prokurorit\u00eb me juridiksion t\u00eb p\u00ebrgjithsh\u00ebm.<\/p>\n<p>Ky udh\u00ebzim i p\u00ebrgjithsh\u00ebm hyn n\u00eb fuqi menj\u00ebher\u00eb dhe detyrimet e p\u00ebrcaktuara n\u00eb t\u00eb zbatohen p\u00ebr nj\u00eb periudh\u00eb dy-javore nga hyrja n\u00eb fuqi e k\u00ebtij udh\u00ebzimi.<\/p>\n<p><strong>MASAT ADMINISTRATIVE<\/strong><\/p>\n<p><strong><em>\u00a0<\/em><\/strong><em>Neni 3<\/em><\/p>\n<p><em>1. Drejtuesit e prokurorive me juridiksion t\u00eb p\u00ebrgjithsh\u00ebm, n\u00eb kuadrin e situat\u00ebs s\u00eb krijuar nga infeksioni i shkaktuar \u00a0nga COVID-2019 dhe masave t\u00eb nevojshme p\u00ebr mbar\u00ebvajtjen dhe funksionimin e prokurorive pran\u00eb gjykatave q\u00eb ushtrojn\u00eb funksionet, t\u00eb vler\u00ebsojn\u00eb dhe vendosin marrjen e masave p\u00ebr:<\/em><\/p>\n<p><em>i) Kufizimin e kryerjes s\u00eb veprimeve hetimore q\u00eb kan\u00eb t\u00eb b\u00ebjn\u00eb me marrjen e deklarimeve nga personat q\u00eb kan\u00eb dijeni mbi faktet, personat n\u00ebn hetim apo t\u00eb pandehurit, p\u00ebrve\u00e7 rasteve kur nga vonesa mund t\u00eb d\u00ebmtohen hetimet, ose nj\u00eb gj\u00eb e till\u00eb nuk mund t\u00eb shtyhet p\u00ebr shkak t\u00eb afateve procedurale.<\/em><\/p>\n<p><em>ii) Kufizimin e veprimeve procedurale q\u00eb zhvillohen n\u00eb ambientet e spitaleve, ambulancave apo laborator\u00ebve mjek\u00ebsore dhe kur nuk \u00ebsht\u00eb e mundur, duke u pajisur n\u00eb \u00e7do rast me masat e pajisjet p\u00ebr mbrojtjen fizike t\u00eb domosdoshme.<\/em><\/p>\n<p><em>iii) Kufizimin e veprimtaris\u00eb administrative t\u00eb zyrave t\u00eb sekretaris\u00eb n\u00eb \u00e7do prokurori n\u00eb kontaktet me qytetar\u00ebt, p\u00ebr t\u2019i kryer me an\u00eb t\u00eb komunikimeve n\u00ebp\u00ebrmjet sh\u00ebrbimit postar ose m\u00ebnyra t\u00eb tjera q\u00eb sigurojn\u00eb kontakte t\u00eb pakta fizike.<\/em><\/p>\n<p><em>iv) Kufizimin e orareve t\u00eb takimit me qytetar\u00ebt ose subjektet me status t\u00eb posa\u00e7\u00ebm nga koordinator\u00ebt p\u00ebrkat\u00ebs, prokurori p\u00ebr marr\u00ebdh\u00ebnit me publikun, drejtuesi i prokuroris\u00eb, drejtuesit e seksioneve apo prokuror\u00ebt. \u00a0N\u00eb vendin e caktuar ku \u00ebsht\u00eb b\u00ebr\u00eb shpallja e orarit t\u00eb pritjes s\u00eb qytetar\u00ebve t\u00eb shpallet kufizimi i k\u00ebsaj veprimtarie, deri n\u00eb nj\u00eb moment t\u00eb dyt\u00eb q\u00eb do t\u00eb vler\u00ebsohet nga ana e drejtuesit t\u00eb prokuroris\u00eb.<\/em><\/p>\n<p><em>v) Kufizimin e mbledhjeve, analizave, takimeve n\u00eb ambientet e prokuroris\u00eb ose zyrave t\u00eb policis\u00eb, ku ka pjes\u00ebmarrje t\u00eb lart\u00eb t\u00eb personave t\u00eb p\u00ebrfshir\u00eb.<\/em><\/p>\n<p><em>vi) N\u00eb \u00e7do rast kur nga rrethanat rezulton prania e shtuar e personave n\u00eb sallat e gjyqit t\u00eb \u00e7mohet nga prokurori p\u00ebr t\u2019i k\u00ebrkuar gjykat\u00ebs zhvillimin e seancave gjyq\u00ebsore me dyer t\u00eb mbyllura referuar n\u00eb nenin 340 t\u00eb K.Pr.Penale.<\/em><\/p>","protected":false},"excerpt":{"rendered":"<p>Pas vendimit t\u00eb K\u00ebshillit t\u00eb Lart\u00eb Gjyq\u00ebsor p\u00ebr pezullimin e veprimtaris\u00eb dhe sh\u00ebrbimeve gjyq\u00ebsore n\u00eb t\u00eb gjitha gjykatat n\u00eb Republik\u00ebn e Shqip\u00ebris\u00eb edhe prokuroria e P\u00ebrgjithshme ka dal\u00eb me nj\u00eb udh\u00ebzim p\u00ebr prokurorit\u00eb e rretheve ku rekomandohet kufizimi n\u00eb maksimum i kontaktit me qytetar\u00ebt. Udh\u00ebzimi q\u00eb mban firm\u00ebn e kryeprokurorit Olsian \u00c7ela ka p\u00ebr q\u00ebllim [&hellip;]<\/p>\n","protected":false},"author":2013,"featured_media":123637,"comment_status":"open","ping_status":"closed","sticky":false,"template":"","format":"standard","meta":{"footnotes":""},"categories":[241,235],"tags":[],"class_list":{"0":"post-123636","1":"post","2":"type-post","3":"status-publish","4":"format-standard","5":"has-post-thumbnail","7":"category-aktualitet","8":"category-vendi"},"_links":{"self":[{"href":"https:\/\/zjarr.tv\/en\/wp-json\/wp\/v2\/posts\/123636","targetHints":{"allow":["GET"]}}],"collection":[{"href":"https:\/\/zjarr.tv\/en\/wp-json\/wp\/v2\/posts"}],"about":[{"href":"https:\/\/zjarr.tv\/en\/wp-json\/wp\/v2\/types\/post"}],"author":[{"embeddable":true,"href":"https:\/\/zjarr.tv\/en\/wp-json\/wp\/v2\/users\/2013"}],"replies":[{"embeddable":true,"href":"https:\/\/zjarr.tv\/en\/wp-json\/wp\/v2\/comments?post=123636"}],"version-history":[{"count":0,"href":"https:\/\/zjarr.tv\/en\/wp-json\/wp\/v2\/posts\/123636\/revisions"}],"wp:featuredmedia":[{"embeddable":true,"href":"https:\/\/zjarr.tv\/en\/wp-json\/wp\/v2\/media\/123637"}],"wp:attachment":[{"href":"https:\/\/zjarr.tv\/en\/wp-json\/wp\/v2\/media?parent=123636"}],"wp:term":[{"taxonomy":"category","embeddable":true,"href":"https:\/\/zjarr.tv\/en\/wp-json\/wp\/v2\/categories?post=123636"},{"taxonomy":"post_tag","embeddable":true,"href":"https:\/\/zjarr.tv\/en\/wp-json\/wp\/v2\/tags?post=123636"}],"curies":[{"name":"wp","href":"https:\/\/api.w.org\/{rel}","templated":true}]}}