{"id":123639,"date":"2020-03-11T13:10:23","date_gmt":"2020-03-11T12:10:23","guid":{"rendered":"https:\/\/zjarr.tv\/?p=123639"},"modified":"2020-03-11T13:10:23","modified_gmt":"2020-03-11T12:10:23","slug":"viktima-e-pare-ne-shqiperi-nga-covid-19","status":"publish","type":"post","link":"https:\/\/zjarr.tv\/en\/viktima-e-pare-ne-shqiperi-nga-covid-19\/","title":{"rendered":"Viktima e par\u00eb n\u00eb Shqip\u00ebri nga COVID- 19"},"content":{"rendered":"<p><strong>Ora 12: 46\u00a0<\/strong>Shenohet viktima e pare ne Shqiperi nga COVID 19. Gazetari i Ora News, Mark Brunga informon se pacientja e infektuar me coronavirusin COVID -19 humbi jet\u00ebn. M\u00eb pas lajmi u konfirmua edhe nga ministira e Sh\u00ebndet\u00ebsis\u00eb.<\/p>\n<p><em>&#8220;Pacientja 73 vje\u00e7are e konfirmuar me COVID-19 ka nd\u00ebrruar jet\u00eb pak minuta m\u00eb par\u00eb (Ora 12:57) nga komplikacionet e r\u00ebnda, si pasoj\u00eb e disa s\u00ebmundjeve bashk\u00ebshoq\u00ebruese kardiake dhe pulmonare.\u00a0<\/em><em>73-vjecarja vuante nga s\u00ebmundje t\u00eb tjera bashk\u00ebshoq\u00ebruese: Insuficience kardiake kronike, SPOK, Nyha III, Fibrilation atrial, hypertyreisis, tatus post by pass.&#8221;\u00a0<\/em>informoi ministria e Shendetesise.<\/p>\n<p>73 vje\u00e7arja kishte ardhur nga Italia, 15 dit\u00eb m\u00eb par\u00eb dhe ndodhej n\u00eb spitalin e Durr\u00ebsit prej 3 marsit.<\/p>\n<p>Pas analizave ka rezultuar se ishte pozitive ndaj koronavirusit COVID-19.<\/p>\n<p>Deri tani 12 t\u00eb infektuar me koronavirus, p\u00ebrfshir\u00eb dhe t\u00eb moshuar\u00ebn q\u00eb humbi jet\u00ebn sot n\u00eb mesdit\u00eb n\u00eb spitalin e Durr\u00ebsit.<\/p>\n<p><strong>Ora 12: 34 U anulua transportimi ne Tirane<\/strong><\/p>\n<p>Gazetari i Ora News, Mark Brunga informon se ishte parashikuar t\u00eb nisej drejt Tiran\u00ebs por m\u00eb pas \u00ebsht\u00eb k\u00ebshilluar q\u00eb ajo t\u00eb mos udh\u00ebtonte drejt Tiran\u00ebs.<\/p>\n<p>Gjithashtu flitet se n\u00eb spital jan\u00eb dhe dy raste t\u00eb dyshuara, \u00a0b\u00ebhet fjal\u00eb p\u00ebr nj\u00eb pacient t\u00eb mosh\u00ebs 65 vje\u00e7ar dhe nj\u00eb 85 vje\u00e7are.<\/p>\n<p><em>&#8220;Jo zyrtarisht thuhet se nj\u00eb pjes\u00eb e mjek\u00ebve dhe infermier\u00ebve jan\u00eb futur n\u00eb vet\u00ebkarantimin&#8221;<\/em>\u00a0informon gazetari i Ora News.<\/p>\n<p>Nga ana e saj ministrja e Sh\u00ebndet\u00ebsis\u00eb nuk pranoi t\u00eb ket\u00eb mjek\u00eb apo infermier\u00eb n\u00eb vet\u00ebkarantinim<\/p>\n<p><em>\u201cMjek\u00eb n\u00eb vet\u00ebkarantinim futen ata q\u00eb jan\u00eb t\u00eb dyshuar ose kan\u00eb dal\u00eb n\u00eb analiz\u00eb pozitive, n\u00ebse ka do b\u00ebhet vet\u00ebkarantimi\u201d<\/em>\u00a0u shpreh zv\/ ministrja e Sh\u00ebndet\u00ebsis\u00eb.<\/p>","protected":false},"excerpt":{"rendered":"<p>Ora 12: 46\u00a0Shenohet viktima e pare ne Shqiperi nga COVID 19. Gazetari i Ora News, Mark Brunga informon se pacientja e infektuar me coronavirusin COVID -19 humbi jet\u00ebn. M\u00eb pas lajmi u konfirmua edhe nga ministira e Sh\u00ebndet\u00ebsis\u00eb. &#8220;Pacientja 73 vje\u00e7are e konfirmuar me COVID-19 ka nd\u00ebrruar jet\u00eb pak minuta m\u00eb par\u00eb (Ora 12:57) nga [&hellip;]<\/p>\n","protected":false},"author":2013,"featured_media":123640,"comment_status":"open","ping_status":"closed","sticky":false,"template":"","format":"standard","meta":{"footnotes":""},"categories":[241,235],"tags":[],"class_list":{"0":"post-123639","1":"post","2":"type-post","3":"status-publish","4":"format-standard","5":"has-post-thumbnail","7":"category-aktualitet","8":"category-vendi"},"_links":{"self":[{"href":"https:\/\/zjarr.tv\/en\/wp-json\/wp\/v2\/posts\/123639","targetHints":{"allow":["GET"]}}],"collection":[{"href":"https:\/\/zjarr.tv\/en\/wp-json\/wp\/v2\/posts"}],"about":[{"href":"https:\/\/zjarr.tv\/en\/wp-json\/wp\/v2\/types\/post"}],"author":[{"embeddable":true,"href":"https:\/\/zjarr.tv\/en\/wp-json\/wp\/v2\/users\/2013"}],"replies":[{"embeddable":true,"href":"https:\/\/zjarr.tv\/en\/wp-json\/wp\/v2\/comments?post=123639"}],"version-history":[{"count":0,"href":"https:\/\/zjarr.tv\/en\/wp-json\/wp\/v2\/posts\/123639\/revisions"}],"wp:featuredmedia":[{"embeddable":true,"href":"https:\/\/zjarr.tv\/en\/wp-json\/wp\/v2\/media\/123640"}],"wp:attachment":[{"href":"https:\/\/zjarr.tv\/en\/wp-json\/wp\/v2\/media?parent=123639"}],"wp:term":[{"taxonomy":"category","embeddable":true,"href":"https:\/\/zjarr.tv\/en\/wp-json\/wp\/v2\/categories?post=123639"},{"taxonomy":"post_tag","embeddable":true,"href":"https:\/\/zjarr.tv\/en\/wp-json\/wp\/v2\/tags?post=123639"}],"curies":[{"name":"wp","href":"https:\/\/api.w.org\/{rel}","templated":true}]}}