{"id":123647,"date":"2020-03-11T14:22:33","date_gmt":"2020-03-11T13:22:33","guid":{"rendered":"https:\/\/zjarr.tv\/?p=123647"},"modified":"2020-03-11T14:22:33","modified_gmt":"2020-03-11T13:22:33","slug":"ne-vetekarantinim-te-detyrueshem-te-ardhurit-nga-italia-ose-gjobe-5-mije-euro-postblloqe-ne-rruge","status":"publish","type":"post","link":"https:\/\/zjarr.tv\/en\/ne-vetekarantinim-te-detyrueshem-te-ardhurit-nga-italia-ose-gjobe-5-mije-euro-postblloqe-ne-rruge\/","title":{"rendered":"N\u00eb vet\u00ebkarantinim t\u00eb detyruesh\u00ebm t\u00eb ardhurit nga Italia ose gjob\u00eb 5 mije euro. Postblloqe n\u00eb rrug\u00eb"},"content":{"rendered":"<p>Kryeminsitri Edi Rama, me an\u00eb t\u00eb nj\u00eb videomesazh drejtuar qytetar\u00ebve, lajm\u00ebroi nisjen e masave ekstreme p\u00ebr vet\u00ebkarantinimin e qytetar\u00ebve. Masat m\u00eb t\u00eb ashpra jan\u00eb p\u00ebr personat q\u00eb kan\u00eb ardhur nga jasht\u00eb vendit 14 dit\u00ebt e fundit. Sipas Kryeministrit, personat q\u00eb kan\u00eb hyr\u00eb n\u00eb vend nga Italia apo Greqia 14 dit\u00ebt e fundit, duhet t\u00eb vet\u00ebkarantinohen urgjentisht.<\/p>\n<p>N\u00eb t\u00eb kund\u00ebrt, Rama tha se n\u00ebse k\u00ebta persona do t\u00eb kapen n\u00eb rrug\u00eb duke l\u00ebvizur do t\u00eb gjobiten me 5 mij\u00eb euro gjob\u00eb, deri n\u00eb heqjen e t\u00eb drejt\u00ebs p\u00ebr t\u00eb udh\u00ebtuar jasht\u00eb vendit pa paguar gjob\u00ebn,<\/p>\n<p><strong>Edi Rama:<\/strong><em>T\u00eb ndjekin informacionet zyrtare. Zbatoni k\u00ebshillat e autoriteteve sh\u00ebndet\u00ebsore, sa m\u00eb t\u00eb disiplinuar t\u00eb jemi sot, aq m\u00eb pak telashe do kemi ne. Nuk jemi thirrur t\u00eb marrim arm\u00ebt, por t\u00eb vet\u00ebrrethohemi p\u00ebr disa jav\u00eb me muret e izolimit. Ata q\u00eb jan\u00eb kthyer 14 dit\u00ebt e fundit nga Italia apo Greqia t\u00eb vetizolohen. Sot do t\u00eb dal\u00eb n\u00eb rrug\u00eb nj\u00eb formacion i p\u00ebrbashk\u00ebt i Policis\u00eb s\u00eb Shtetit dhe Policis\u00eb Ushtarake dhe do t\u00eb organizojn\u00eb postblloqe t\u00eb automjeteve. Do t\u00eb verifikojn\u00eb n\u00ebse ka persona q\u00eb kan\u00eb ardhur 14 dit\u00ebt e fundit nga jasht\u00eb. Nga nes\u00ebr kush kapet n\u00eb rrug\u00eb do t\u00eb d\u00ebnohet me 5 mij\u00eb euro gjob\u00eb n\u00ebse kapet n\u00eb rrug\u00eb. Mandje do t`i ndalohet t\u00eb iki n\u00eb Itali pa paguar gjob\u00ebn.<\/em><\/p>\n<p>Rama shtoi gjithashtu b\u00ebri apel edhe p\u00ebr qytetar\u00ebt e tjer\u00eb, q\u00eb n\u00ebse nuk kan\u00eb arsye p\u00ebr t\u00eb dal\u00eb nga sht\u00ebpia t\u00eb dalin.<\/p>\n<p><strong>Edi Rama:\u00a0<\/strong><em>Nuk e krijon rreziku frik\u00ebn, por frika rrezikun. Prandaj t\u00eb mos i frikem kur mendoj se kam arsye dhe kam t\u00eb drejt\u00eb. Me koron\u00ebn e m\u00ebsova me pahir q\u00ebkur u shfaq n\u00eb Kin\u00eb, ndryshimi \u00ebsht\u00eb se frik\u00ebn nga humnera apo nga zjarri jemi m\u00ebsuar ta quajm\u00eb kujdes nga nj\u00eb rrezik real. Na duhet ta pranojm\u00eb se nj\u00eb gjalles\u00eb e padukshme p\u00ebrpara s\u00eb cil\u00ebs nj\u00eb mushkonj\u00eb mundet t\u00eb na ndaloj\u00eb t\u00eb jetojm\u00eb si\u00e7 jemi m\u00ebsuar. T\u00eb p\u00ebrqafohemi, t\u00eb shkojm\u00eb n\u00eb shkoll\u00eb, apo n\u00eb pikat e Internetit. Si mundet ne ti frikemi ne nj\u00eb grimce dhe t`i harrojm\u00eb kreshnik\u00ebt e maleve dhe trimat e luftrave prej t\u00eb cil\u00ebve ne rrjedhim. Korona nuk b\u00ebn shaka. E v\u00ebrtet\u00eb q\u00eb nuk ua prish gjumin e atyre q\u00eb i prek, por ama ata 20% i prek dhe i k\u00ebrc\u00ebnon. Korona zbrapset vet\u00ebm me disiplin\u00eb dhe solidaritet. T\u00eb gjith\u00eb ata q\u00eb nuk jan\u00eb t\u00eb detyruar t\u00eb dalin nga sht\u00ebpia duhet t\u00eb rrijn\u00eb n\u00eb sht\u00ebpi. T\u00eb mbajn\u00eb dritaret hapur, t`i mbajn\u00eb n\u00eb dhom\u00eb m\u00eb vete t\u00eb moshuarit, t\u00eb shohin sa m\u00eb pak lajme. Mund\u00ebsisht ato emisionet e mbr\u00ebmjes q\u00eb sot jan\u00eb vatra t\u00eb kuqe infodemie.\u00a0<\/em><\/p>\n<p>Rama tha se kjo nuk \u00ebsht\u00eb koh\u00eb normale, ndaj qeveria \u00ebsht\u00eb e detyruar t\u00eb marr\u00eb k\u00ebt\u00eb mas\u00eb ndaj nj\u00eb k\u00ebrc\u00ebnim si koronavirusi. Kryeministri b\u00ebri nj\u00eb krahasim me t\u00ebrmetin e 26 n\u00ebntorit, duke u shprehur n\u00ebse ai erdhi paparalajm\u00ebruar, koronavirusi po na lajm\u00ebron \u00e7do dit\u00eb.<\/p>\n<p><strong>Edi Rama:<\/strong>\u00a0<em>Kjo nuk \u00ebsht\u00eb koh\u00eb normale me nj\u00eb armik q\u00eb nuk duket por \u00ebsht\u00eb rreth secilit prej nesh. Faleminderit shum\u00eb me gjith\u00eb zem\u00ebr t\u00eb gjith\u00eb atyre q\u00eb mbyll\u00ebn diskot, palestrat, klubet e nat\u00ebs. Kjo quhet qytetari dhe solidaritet njer\u00ebzor. Kush l\u00ebviz me makin\u00eb do bezdiset. Por s`kemi asnj\u00eb rrug\u00eb tjet\u00ebr. Ta pranojm\u00eb s\u00eb bashku k\u00ebt\u00eb shtr\u00ebngim q\u00eb \u00ebsht\u00eb shum\u00eb m\u00eb i leht\u00eb se shtr\u00ebngimi i koron\u00ebs. Do ta kalojm\u00eb k\u00ebt\u00eb shtr\u00ebngim si t\u00ebrmeti. N\u00ebse t\u00ebrmeti na mori \u00a051 jet\u00eb pa paralajm\u00ebrim, korona na paralajm\u00ebron \u00e7do dit\u00eb. Kujdes, kujdes, disiplin\u00eb, disiplin\u00eb. Vija e par\u00eb e frontit \u00ebsht\u00eb e fort\u00eb dhe ka nj\u00eb rezistenc\u00eb t\u00eb testuar maksimale. Jemi p\u00ebrgatitur p\u00ebr k\u00ebt\u00eb moment, l\u00ebre se \u00e7a thon\u00eb masakt e skaduara t\u00eb politik\u00ebs. Nuk do b\u00ebjm\u00eb as m\u00eb pak e as m\u00eb shum\u00eb se vendet e tjera.<\/em><\/p>","protected":false},"excerpt":{"rendered":"<p>Kryeminsitri Edi Rama, me an\u00eb t\u00eb nj\u00eb videomesazh drejtuar qytetar\u00ebve, lajm\u00ebroi nisjen e masave ekstreme p\u00ebr vet\u00ebkarantinimin e qytetar\u00ebve. Masat m\u00eb t\u00eb ashpra jan\u00eb p\u00ebr personat q\u00eb kan\u00eb ardhur nga jasht\u00eb vendit 14 dit\u00ebt e fundit. Sipas Kryeministrit, personat q\u00eb kan\u00eb hyr\u00eb n\u00eb vend nga Italia apo Greqia 14 dit\u00ebt e fundit, duhet t\u00eb vet\u00ebkarantinohen [&hellip;]<\/p>\n","protected":false},"author":2013,"featured_media":67697,"comment_status":"open","ping_status":"closed","sticky":false,"template":"","format":"standard","meta":{"footnotes":""},"categories":[241,235],"tags":[],"class_list":{"0":"post-123647","1":"post","2":"type-post","3":"status-publish","4":"format-standard","5":"has-post-thumbnail","7":"category-aktualitet","8":"category-vendi"},"_links":{"self":[{"href":"https:\/\/zjarr.tv\/en\/wp-json\/wp\/v2\/posts\/123647","targetHints":{"allow":["GET"]}}],"collection":[{"href":"https:\/\/zjarr.tv\/en\/wp-json\/wp\/v2\/posts"}],"about":[{"href":"https:\/\/zjarr.tv\/en\/wp-json\/wp\/v2\/types\/post"}],"author":[{"embeddable":true,"href":"https:\/\/zjarr.tv\/en\/wp-json\/wp\/v2\/users\/2013"}],"replies":[{"embeddable":true,"href":"https:\/\/zjarr.tv\/en\/wp-json\/wp\/v2\/comments?post=123647"}],"version-history":[{"count":0,"href":"https:\/\/zjarr.tv\/en\/wp-json\/wp\/v2\/posts\/123647\/revisions"}],"wp:featuredmedia":[{"embeddable":true,"href":"https:\/\/zjarr.tv\/en\/wp-json\/wp\/v2\/media\/67697"}],"wp:attachment":[{"href":"https:\/\/zjarr.tv\/en\/wp-json\/wp\/v2\/media?parent=123647"}],"wp:term":[{"taxonomy":"category","embeddable":true,"href":"https:\/\/zjarr.tv\/en\/wp-json\/wp\/v2\/categories?post=123647"},{"taxonomy":"post_tag","embeddable":true,"href":"https:\/\/zjarr.tv\/en\/wp-json\/wp\/v2\/tags?post=123647"}],"curies":[{"name":"wp","href":"https:\/\/api.w.org\/{rel}","templated":true}]}}