{"id":123649,"date":"2020-03-11T14:23:34","date_gmt":"2020-03-11T13:23:34","guid":{"rendered":"https:\/\/zjarr.tv\/?p=123649"},"modified":"2020-03-11T14:23:34","modified_gmt":"2020-03-11T13:23:34","slug":"burgu-i-drenoves-mbyll-dyert-per-familjaret","status":"publish","type":"post","link":"https:\/\/zjarr.tv\/en\/burgu-i-drenoves-mbyll-dyert-per-familjaret\/","title":{"rendered":"Burgu i Drenov\u00ebs mbyll dyert p\u00ebr familjar\u00ebt"},"content":{"rendered":"<p>Burgu i Siguris\u00eb s\u00eb Lart\u00eb n\u00eb Drenov\u00eb b\u00ebhet institucioni i par\u00eb i vuajtjes s\u00eb d\u00ebnimit q\u00eb ndalon takimet e t\u00eb burgosurve me familjar\u00ebt e tyre.<\/p>\n<p>Vendimi do t\u00eb jet\u00eb i vlefsh\u00ebm deri n\u00eb nj\u00eb urdh\u00ebr t\u00eb dyt\u00eb.<\/p>\n<p>Drejtoria e burgut t\u00eb siguris\u00eb s\u00eb lart\u00eb t\u00eb Drenov\u00ebs \u00ebsht\u00eb duke instaluar video projektor q\u00eb familjar\u00ebt t\u00eb ken\u00eb mund\u00ebsin\u00eb t\u00eb komunikojn\u00eb me t\u00eb af\u00ebrmit e tyre t\u00eb burgosur.<\/p>\n<p>N\u00eb kushte kur \u00ebsht\u00eb e ndaluar kategorikisht takimi i familjar\u00ebve me t\u00eb burgosurit me \u00a0nj\u00eb urdh\u00ebr t\u00eb drejtoris\u00eb s\u00eb p\u00ebrgjithshme t\u00eb burgjeve takimet do t\u00eb b\u00ebhen sipas nj\u00eb forme t\u00eb re.<\/p>\n<p>Krijimi i sallave n\u00eb burgun e Drenov\u00ebs do t\u00eb jet\u00eb mund\u00ebsia e vetme e takimit t\u00eb burgosurve me familjar\u00ebt e tyre p\u00ebrmes videoprojektor\u00ebve.<\/p>","protected":false},"excerpt":{"rendered":"<p>Burgu i Siguris\u00eb s\u00eb Lart\u00eb n\u00eb Drenov\u00eb b\u00ebhet institucioni i par\u00eb i vuajtjes s\u00eb d\u00ebnimit q\u00eb ndalon takimet e t\u00eb burgosurve me familjar\u00ebt e tyre. Vendimi do t\u00eb jet\u00eb i vlefsh\u00ebm deri n\u00eb nj\u00eb urdh\u00ebr t\u00eb dyt\u00eb. Drejtoria e burgut t\u00eb siguris\u00eb s\u00eb lart\u00eb t\u00eb Drenov\u00ebs \u00ebsht\u00eb duke instaluar video projektor q\u00eb familjar\u00ebt t\u00eb ken\u00eb [&hellip;]<\/p>\n","protected":false},"author":2013,"featured_media":123650,"comment_status":"open","ping_status":"closed","sticky":false,"template":"","format":"standard","meta":{"footnotes":""},"categories":[241,235],"tags":[],"class_list":{"0":"post-123649","1":"post","2":"type-post","3":"status-publish","4":"format-standard","5":"has-post-thumbnail","7":"category-aktualitet","8":"category-vendi"},"_links":{"self":[{"href":"https:\/\/zjarr.tv\/en\/wp-json\/wp\/v2\/posts\/123649","targetHints":{"allow":["GET"]}}],"collection":[{"href":"https:\/\/zjarr.tv\/en\/wp-json\/wp\/v2\/posts"}],"about":[{"href":"https:\/\/zjarr.tv\/en\/wp-json\/wp\/v2\/types\/post"}],"author":[{"embeddable":true,"href":"https:\/\/zjarr.tv\/en\/wp-json\/wp\/v2\/users\/2013"}],"replies":[{"embeddable":true,"href":"https:\/\/zjarr.tv\/en\/wp-json\/wp\/v2\/comments?post=123649"}],"version-history":[{"count":0,"href":"https:\/\/zjarr.tv\/en\/wp-json\/wp\/v2\/posts\/123649\/revisions"}],"wp:featuredmedia":[{"embeddable":true,"href":"https:\/\/zjarr.tv\/en\/wp-json\/wp\/v2\/media\/123650"}],"wp:attachment":[{"href":"https:\/\/zjarr.tv\/en\/wp-json\/wp\/v2\/media?parent=123649"}],"wp:term":[{"taxonomy":"category","embeddable":true,"href":"https:\/\/zjarr.tv\/en\/wp-json\/wp\/v2\/categories?post=123649"},{"taxonomy":"post_tag","embeddable":true,"href":"https:\/\/zjarr.tv\/en\/wp-json\/wp\/v2\/tags?post=123649"}],"curies":[{"name":"wp","href":"https:\/\/api.w.org\/{rel}","templated":true}]}}