{"id":123652,"date":"2020-03-11T14:25:03","date_gmt":"2020-03-11T13:25:03","guid":{"rendered":"https:\/\/zjarr.tv\/?p=123652"},"modified":"2020-03-11T14:25:03","modified_gmt":"2020-03-11T13:25:03","slug":"meta-mesazh-ngushellimi-familjes-se-viktimes-me-covid-19-apel-te-gjithe-qytetareve","status":"publish","type":"post","link":"https:\/\/zjarr.tv\/en\/meta-mesazh-ngushellimi-familjes-se-viktimes-me-covid-19-apel-te-gjithe-qytetareve\/","title":{"rendered":"Meta mesazh ngush\u00ebllimi familjes s\u00eb viktim\u00ebs me COVID-19, apel t\u00eb gjith\u00eb qytetar\u00ebve"},"content":{"rendered":"<p>Presidenti Ilir Meta shpreh ngush\u00ebllimet e rastit familjes s\u00eb 73 vje\u00e7ares e cila humbi jet\u00ebn sot nga koronavirusi COVID-19. Gjithashtu ai I b\u00ebn apel qytetar\u00ebve q\u00eb t\u00eb tregojn\u00eb kujdes maksimal dhe t\u00eb zbatojn\u00eb me rigorozitet t\u00eb gjitha k\u00ebshillat dhe rekomandimet e autoriteteve.<\/p>\n<p><em>&#8220;Me hidh\u00ebrim t\u00eb thell\u00eb mora lajmin e ndarjes nga jeta t\u00eb qytetares 73-vje\u00e7are nga Durr\u00ebsi t\u00eb konfirmuar me COVID-19. Duke u shprehur ngush\u00ebllimet m\u00eb t\u00eb sinqerta familjes dhe gjith\u00eb t\u00eb af\u00ebrmve t\u00eb saj, u shpreh t\u00eb gjith\u00eb solidaritetin tim n\u00eb k\u00ebto momente tep\u00ebr t\u00eb v\u00ebshtira! Edhe nj\u00ebher\u00eb apeloj me forc\u00eb p\u00ebr \u00e7do qytetar t\u00eb tregoj\u00eb kujdes maksimal dhe t\u00eb zbatoj\u00eb me rigorozitet t\u00eb gjitha k\u00ebshillat dhe rekomandimet e autoriteteve!&#8221;<\/em><\/p>","protected":false},"excerpt":{"rendered":"<p>Presidenti Ilir Meta shpreh ngush\u00ebllimet e rastit familjes s\u00eb 73 vje\u00e7ares e cila humbi jet\u00ebn sot nga koronavirusi COVID-19. Gjithashtu ai I b\u00ebn apel qytetar\u00ebve q\u00eb t\u00eb tregojn\u00eb kujdes maksimal dhe t\u00eb zbatojn\u00eb me rigorozitet t\u00eb gjitha k\u00ebshillat dhe rekomandimet e autoriteteve. &#8220;Me hidh\u00ebrim t\u00eb thell\u00eb mora lajmin e ndarjes nga jeta t\u00eb qytetares 73-vje\u00e7are [&hellip;]<\/p>\n","protected":false},"author":2013,"featured_media":96498,"comment_status":"open","ping_status":"closed","sticky":false,"template":"","format":"standard","meta":{"footnotes":""},"categories":[241,235],"tags":[],"class_list":{"0":"post-123652","1":"post","2":"type-post","3":"status-publish","4":"format-standard","5":"has-post-thumbnail","7":"category-aktualitet","8":"category-vendi"},"_links":{"self":[{"href":"https:\/\/zjarr.tv\/en\/wp-json\/wp\/v2\/posts\/123652","targetHints":{"allow":["GET"]}}],"collection":[{"href":"https:\/\/zjarr.tv\/en\/wp-json\/wp\/v2\/posts"}],"about":[{"href":"https:\/\/zjarr.tv\/en\/wp-json\/wp\/v2\/types\/post"}],"author":[{"embeddable":true,"href":"https:\/\/zjarr.tv\/en\/wp-json\/wp\/v2\/users\/2013"}],"replies":[{"embeddable":true,"href":"https:\/\/zjarr.tv\/en\/wp-json\/wp\/v2\/comments?post=123652"}],"version-history":[{"count":0,"href":"https:\/\/zjarr.tv\/en\/wp-json\/wp\/v2\/posts\/123652\/revisions"}],"wp:featuredmedia":[{"embeddable":true,"href":"https:\/\/zjarr.tv\/en\/wp-json\/wp\/v2\/media\/96498"}],"wp:attachment":[{"href":"https:\/\/zjarr.tv\/en\/wp-json\/wp\/v2\/media?parent=123652"}],"wp:term":[{"taxonomy":"category","embeddable":true,"href":"https:\/\/zjarr.tv\/en\/wp-json\/wp\/v2\/categories?post=123652"},{"taxonomy":"post_tag","embeddable":true,"href":"https:\/\/zjarr.tv\/en\/wp-json\/wp\/v2\/tags?post=123652"}],"curies":[{"name":"wp","href":"https:\/\/api.w.org\/{rel}","templated":true}]}}