{"id":123656,"date":"2020-03-11T14:50:53","date_gmt":"2020-03-11T13:50:53","guid":{"rendered":"https:\/\/zjarr.tv\/?p=123656"},"modified":"2020-03-11T14:50:53","modified_gmt":"2020-03-11T13:50:53","slug":"vdekja-e-te-moshuares-nga-koronavirusit-ministria-e-shendetesise-deklarate-per-mediat","status":"publish","type":"post","link":"https:\/\/zjarr.tv\/en\/vdekja-e-te-moshuares-nga-koronavirusit-ministria-e-shendetesise-deklarate-per-mediat\/","title":{"rendered":"Vdekja e t\u00eb moshuar\u00ebs nga koronavirusit, Ministria e Sh\u00ebndet\u00ebsis\u00eb deklarat\u00eb p\u00ebr mediat"},"content":{"rendered":"<p>Ministria e Sh\u00ebndet\u00ebsis\u00eb b\u00ebri nj\u00eb deklarat\u00eb p\u00ebr mediat, pak or\u00eb pas vdekjes s\u00eb t\u00eb moshuar\u00ebs nga Durr\u00ebsi p\u00ebr shkak t\u00eb koronavirusit. Z\u00ebvend\u00ebsministrja u shpreh se ajo vuante nga disa s\u00ebmundje.<\/p>\n<p><strong>Mira Raka\u00e7olli:<\/strong>\u00a0Ishte nj\u00eb e s\u00ebmur\u00eb q\u00eb vuante nga insuficienca kardiake, kishte s\u00ebmundje kronike t\u00eb mushkrive, kishte tiroide dhe kishte kryer para disa vitesh by-pass kardiak. Ishte n\u00eb grup t\u00eb atyre personave q\u00eb kur preken nga koronavirusi kan\u00eb rrisk.<\/p>","protected":false},"excerpt":{"rendered":"<p>Ministria e Sh\u00ebndet\u00ebsis\u00eb b\u00ebri nj\u00eb deklarat\u00eb p\u00ebr mediat, pak or\u00eb pas vdekjes s\u00eb t\u00eb moshuar\u00ebs nga Durr\u00ebsi p\u00ebr shkak t\u00eb koronavirusit. Z\u00ebvend\u00ebsministrja u shpreh se ajo vuante nga disa s\u00ebmundje. Mira Raka\u00e7olli:\u00a0Ishte nj\u00eb e s\u00ebmur\u00eb q\u00eb vuante nga insuficienca kardiake, kishte s\u00ebmundje kronike t\u00eb mushkrive, kishte tiroide dhe kishte kryer para disa vitesh by-pass kardiak. [&hellip;]<\/p>\n","protected":false},"author":2013,"featured_media":123621,"comment_status":"open","ping_status":"closed","sticky":false,"template":"","format":"standard","meta":{"footnotes":""},"categories":[241,235],"tags":[],"class_list":{"0":"post-123656","1":"post","2":"type-post","3":"status-publish","4":"format-standard","5":"has-post-thumbnail","7":"category-aktualitet","8":"category-vendi"},"_links":{"self":[{"href":"https:\/\/zjarr.tv\/en\/wp-json\/wp\/v2\/posts\/123656","targetHints":{"allow":["GET"]}}],"collection":[{"href":"https:\/\/zjarr.tv\/en\/wp-json\/wp\/v2\/posts"}],"about":[{"href":"https:\/\/zjarr.tv\/en\/wp-json\/wp\/v2\/types\/post"}],"author":[{"embeddable":true,"href":"https:\/\/zjarr.tv\/en\/wp-json\/wp\/v2\/users\/2013"}],"replies":[{"embeddable":true,"href":"https:\/\/zjarr.tv\/en\/wp-json\/wp\/v2\/comments?post=123656"}],"version-history":[{"count":0,"href":"https:\/\/zjarr.tv\/en\/wp-json\/wp\/v2\/posts\/123656\/revisions"}],"wp:featuredmedia":[{"embeddable":true,"href":"https:\/\/zjarr.tv\/en\/wp-json\/wp\/v2\/media\/123621"}],"wp:attachment":[{"href":"https:\/\/zjarr.tv\/en\/wp-json\/wp\/v2\/media?parent=123656"}],"wp:term":[{"taxonomy":"category","embeddable":true,"href":"https:\/\/zjarr.tv\/en\/wp-json\/wp\/v2\/categories?post=123656"},{"taxonomy":"post_tag","embeddable":true,"href":"https:\/\/zjarr.tv\/en\/wp-json\/wp\/v2\/tags?post=123656"}],"curies":[{"name":"wp","href":"https:\/\/api.w.org\/{rel}","templated":true}]}}