{"id":123658,"date":"2020-03-11T15:48:15","date_gmt":"2020-03-11T14:48:15","guid":{"rendered":"https:\/\/zjarr.tv\/?p=123658"},"modified":"2020-03-11T15:48:15","modified_gmt":"2020-03-11T14:48:15","slug":"presidenti-meta-dekreton-tre-gjyqtaret-e-gjykates-se-larte","status":"publish","type":"post","link":"https:\/\/zjarr.tv\/en\/presidenti-meta-dekreton-tre-gjyqtaret-e-gjykates-se-larte\/","title":{"rendered":"Presidenti Meta dekreton tre gjyqtar\u00ebt e Gjykat\u00ebs s\u00eb Lart\u00eb"},"content":{"rendered":"<p>Presidenti i Republik\u00ebs, Ilir Meta ka dekretuar em\u00ebrimin e tre gjyqtar\u00ebve t\u00eb Gjykat\u00ebs s\u00eb Lart\u00eb, Sokol Sadushaj, Ervin Pupe dhe Ilir Panda.<\/p>\n<p>Dekretimi i em\u00ebrimeve u b\u00eb pasi kreu i shtetit shqyrtoi propozimet e K\u00ebshilli t\u00eb Lart\u00eb Gjyq\u00ebsor dhe praktikat dokumentuese t\u00eb kualifikimit, vler\u00ebsimit, pik\u00ebzimit dhe renditjes.<\/p>\n<p><em>&#8220;Presidenti i Republik\u00ebs, vler\u00ebsoi pa vones\u00eb k\u00ebto propozime, duke konsideruar se fillimi nga funksionimi i Gjykat\u00ebs s\u00eb Lart\u00eb, \u00ebsht\u00eb nj\u00eb element ky\u00e7 p\u00ebr respektimin e t\u00eb drejtave kushtetuese t\u00eb qytetar\u00ebve p\u00ebr nj\u00eb gjykim t\u00eb drejt\u00eb, nga nj\u00eb gjykat\u00eb e caktuar me ligj dhe brenda nj\u00eb afati t\u00eb arsyesh\u00ebm&#8221;,<\/em>\u00a0thuhet n\u00eb njoftimin e Presidenc\u00ebs.<\/p>","protected":false},"excerpt":{"rendered":"<p>Presidenti i Republik\u00ebs, Ilir Meta ka dekretuar em\u00ebrimin e tre gjyqtar\u00ebve t\u00eb Gjykat\u00ebs s\u00eb Lart\u00eb, Sokol Sadushaj, Ervin Pupe dhe Ilir Panda. Dekretimi i em\u00ebrimeve u b\u00eb pasi kreu i shtetit shqyrtoi propozimet e K\u00ebshilli t\u00eb Lart\u00eb Gjyq\u00ebsor dhe praktikat dokumentuese t\u00eb kualifikimit, vler\u00ebsimit, pik\u00ebzimit dhe renditjes. &#8220;Presidenti i Republik\u00ebs, vler\u00ebsoi pa vones\u00eb k\u00ebto propozime, [&hellip;]<\/p>\n","protected":false},"author":2013,"featured_media":123439,"comment_status":"open","ping_status":"closed","sticky":false,"template":"","format":"standard","meta":{"footnotes":""},"categories":[241,235],"tags":[],"class_list":{"0":"post-123658","1":"post","2":"type-post","3":"status-publish","4":"format-standard","5":"has-post-thumbnail","7":"category-aktualitet","8":"category-vendi"},"_links":{"self":[{"href":"https:\/\/zjarr.tv\/en\/wp-json\/wp\/v2\/posts\/123658","targetHints":{"allow":["GET"]}}],"collection":[{"href":"https:\/\/zjarr.tv\/en\/wp-json\/wp\/v2\/posts"}],"about":[{"href":"https:\/\/zjarr.tv\/en\/wp-json\/wp\/v2\/types\/post"}],"author":[{"embeddable":true,"href":"https:\/\/zjarr.tv\/en\/wp-json\/wp\/v2\/users\/2013"}],"replies":[{"embeddable":true,"href":"https:\/\/zjarr.tv\/en\/wp-json\/wp\/v2\/comments?post=123658"}],"version-history":[{"count":0,"href":"https:\/\/zjarr.tv\/en\/wp-json\/wp\/v2\/posts\/123658\/revisions"}],"wp:featuredmedia":[{"embeddable":true,"href":"https:\/\/zjarr.tv\/en\/wp-json\/wp\/v2\/media\/123439"}],"wp:attachment":[{"href":"https:\/\/zjarr.tv\/en\/wp-json\/wp\/v2\/media?parent=123658"}],"wp:term":[{"taxonomy":"category","embeddable":true,"href":"https:\/\/zjarr.tv\/en\/wp-json\/wp\/v2\/categories?post=123658"},{"taxonomy":"post_tag","embeddable":true,"href":"https:\/\/zjarr.tv\/en\/wp-json\/wp\/v2\/tags?post=123658"}],"curies":[{"name":"wp","href":"https:\/\/api.w.org\/{rel}","templated":true}]}}