{"id":123664,"date":"2020-03-11T15:52:06","date_gmt":"2020-03-11T14:52:06","guid":{"rendered":"https:\/\/zjarr.tv\/?p=123664"},"modified":"2020-03-11T15:52:06","modified_gmt":"2020-03-11T14:52:06","slug":"koronavirusi-nderhyn-dhe-ne-aktivitetet-fetare-kmsh-anulon-faljen-e-namazit-te-premten","status":"publish","type":"post","link":"https:\/\/zjarr.tv\/en\/koronavirusi-nderhyn-dhe-ne-aktivitetet-fetare-kmsh-anulon-faljen-e-namazit-te-premten\/","title":{"rendered":"Koronavirusi nd\u00ebrhyn dhe n\u00eb aktivitetet fetare\/ KMSH anulon faljen e namazit t\u00eb premten"},"content":{"rendered":"<p>Komuniteti Mysliman i Shqip\u00ebris\u00eb anulon faljen e namazit t\u00eb premten. Situata e krijuar nga koronavirusi nd\u00ebrhyn dhe n\u00eb aktivitetet fetare, pasi KMSH ka shp\u00ebrndar\u00eb nj\u00eb njoftim p\u00ebr marrjen e masave nga myftinit\u00eb. Kreu i komunitetit Mysliman t\u00eb Shqip\u00ebris\u00eb Bujar Spahiu, ka udh\u00ebzuar q\u00eb koh\u00ebt e namazit t\u00eb falen individualisht dhe myftinjt\u00eb t\u00eb nd\u00ebrmarrin fushata sensibilizuese p\u00ebr publikun dhe t\u00eb inkurajojn\u00eb besimtar\u00ebt, kryesisht mosh\u00ebn e tret\u00eb dhe personat me s\u00ebmundje kronike q\u00eb t\u2019i kryejn\u00eb ritualet fetare n\u00eb banesat e tyre.<\/p>\n<p><strong>NJOFTIMI I PLOT\u00cb<\/strong><br \/>\nT\u00eb nderuar besimtar\u00eb dhe besimtare!<br \/>\nT\u00eb gjith\u00eb jemi t\u00eb vet\u00ebdijsh\u00ebm p\u00ebr seriozitetin dhe p\u00ebrmasat mbar\u00ebbot\u00ebrore q\u00eb ka marr\u00eb epidemia e virusit COVID-19.<\/p>\n<p>Feja Islame i jep r\u00ebnd\u00ebsi t\u00eb madhe shenjt\u00ebris\u00eb s\u00eb jet\u00ebs s\u00eb njeriut dhe mbrojtjes s\u00eb saj. N\u00eb rastet e shp\u00ebrthimit t\u00eb epidemive, Profeti Muhamed (a.s.) na urdh\u00ebron q\u00eb: \u201cN\u00ebse d\u00ebgjoni se diku ka r\u00ebn\u00eb epidemi, mos shkoni n\u00eb at\u00eb vend! N\u00ebse godet n\u00eb nj\u00eb vend dhe ju ndodheni aty, mos u largoni q\u00eb andej p\u00ebr t\u2019i shp\u00ebtuar!\u201d. Pra, karantinimi dhe evitimi i t\u00eb gjitha l\u00ebvizjeve t\u00eb panevojshme \u00ebsht\u00eb masa paraprake q\u00eb duhet t\u00eb merret n\u00eb t\u00eb tilla raste.<\/p>\n<p>Feja Islame gjithashtu i jep nj\u00eb r\u00ebnd\u00ebsi t\u00eb madhe higjien\u00ebs personale dhe t\u00eb ambientit ku jetojm\u00eb e punojm\u00eb, duke e konsideruar higjien\u00ebn dhe past\u00ebrtin\u00eb si pjes\u00eb t\u00eb besimit. Kjo \u00ebsht\u00eb gjithashtu edhe si nj\u00eb nga masat e sugjeruara nga ekspert\u00ebt p\u00ebr parandalimin e p\u00ebrhapjes s\u00eb k\u00ebsaj epidemie.<\/p>\n<p>Komuniteti Mysliman i Shqip\u00ebris\u00eb duke vler\u00ebsuar situat\u00ebn e paprecedent\u00eb t\u00eb krijuar nga kjo epidemi, ka marr\u00eb disa masa t\u00eb nevojshme p\u00ebr t\u00eb mbrojtur qytetar\u00ebt nga nj\u00eb infektim i mundsh\u00ebm nga COVID-19.<\/p>\n<div id=\"pa_1x1_psbk_1583938245846\"><\/div>\n<p>Komuniteti Mysliman i Shqip\u00ebris\u00eb k\u00ebrkon nga myftinit\u00eb e qyteteve marrjen e masave t\u00eb m\u00ebposhtme:<\/p>\n<p>1- Ngarkohen t\u00eb gjith\u00eb myftinjt\u00eb dhe stafi i tyre t\u00eb nd\u00ebrmarr\u00eb fushata sensibilizuese p\u00ebr publikun dhe t\u00eb inkurajojn\u00eb t\u00eb gjith\u00eb besimtar\u00ebt, kryesisht mosh\u00ebn e tret\u00eb dhe personat me s\u00ebmundje kronike q\u00eb t\u2019i kryejn\u00eb ritualet fetare n\u00eb banesat e tyre.<\/p>\n<p>2- Anullimi i tubimeve masive si ligj\u00ebrata, kurse n\u00eb xhami, aktivitete t\u00eb ndryshme dhe sipas rrezikshm\u00ebris\u00eb n\u00eb zon\u00ebn tuaj t\u00eb anullohet edhe falja e namazit t\u00eb xhumas\u00eb.<\/p>\n<p>3- Pes\u00eb koh\u00ebt e namazit sugjerohet t\u00eb falen n\u00eb m\u00ebnyr\u00eb jo t\u00eb organizuar, nd\u00ebrkoh\u00eb ezani t\u00eb thirret n\u00eb m\u00ebnyr\u00eb t\u00eb rregullt n\u00eb t\u00eb gjitha xhamit\u00eb.<\/p>\n<p>4- Zbatimi me rigorozitet i t\u00eb gjitha sugjerimeve dhe k\u00ebshillave t\u00eb nxjerra nga autoritetet p\u00ebrkat\u00ebse n\u00eb vendin ton\u00eb si dhe nga Organizata Bot\u00ebrore e Sh\u00ebndet\u00ebsis\u00eb.<\/p>\n<p>K\u00ebrkojm\u00eb mir\u00ebkuptimin e besimtar\u00ebve n\u00eb respektimin e masave t\u00eb marra, pasi mbrojtja e jet\u00ebs dhe sh\u00ebndetit \u00ebsht\u00eb nj\u00eb obligim fetar p\u00ebr t\u00eb gjith\u00eb besimtar\u00ebt.<\/p>\n<p>Pasi t\u00eb marrim t\u00eb gjitha masat e nevojshme, t\u2019i lutemi Zotit me lutjen e Profetit Muhamed (a.s.): \u201cO Zot m\u00eb ruaj nga lebroza, nga \u00e7menduria, nga murtaja, nga epidemia dhe nga t\u00eb gjitha s\u00ebmundjet e k\u00ebqija.\u201d<\/p>\n<p>Lusim Zotin e Gjithm\u00ebshirsh\u00ebm q\u00eb kjo situat\u00eb t\u00eb kaloj\u00eb pa pasoja p\u00ebr t\u00eb gjith\u00eb qytetar\u00ebt e Republik\u00ebs s\u00eb Shqip\u00ebris\u00eb.<br \/>\nKomuniteti Mysliman i Shqip\u00ebris\u00eb<\/p>\n<figure id=\"attachment_1252575\" class=\"wp-caption alignnone\"><a href=\"https:\/\/www.balkanweb.com\/wp-content\/uploads\/2020\/03\/KMSH-njoftimi.jpg\" rel=\"lightbox\"><img loading=\"lazy\" decoding=\"async\" class=\"wp-image-1252575 size-full\" src=\"https:\/\/www.balkanweb.com\/wp-content\/uploads\/2020\/03\/KMSH-njoftimi.jpg\" sizes=\"auto, (max-width: 728px) 100vw, 728px\" srcset=\"https:\/\/www.balkanweb.com\/wp-content\/uploads\/2020\/03\/KMSH-njoftimi.jpg 728w, https:\/\/www.balkanweb.com\/wp-content\/uploads\/2020\/03\/KMSH-njoftimi-212x280.jpg 212w, https:\/\/www.balkanweb.com\/wp-content\/uploads\/2020\/03\/KMSH-njoftimi-265x350.jpg 265w, https:\/\/www.balkanweb.com\/wp-content\/uploads\/2020\/03\/KMSH-njoftimi-199x263.jpg 199w, https:\/\/www.balkanweb.com\/wp-content\/uploads\/2020\/03\/KMSH-njoftimi-61x80.jpg 61w, https:\/\/www.balkanweb.com\/wp-content\/uploads\/2020\/03\/KMSH-njoftimi-341x450.jpg 341w\" alt=\"Kmsh Njoftimi\" width=\"728\" height=\"960\" \/><\/a><\/figure>","protected":false},"excerpt":{"rendered":"<p>Komuniteti Mysliman i Shqip\u00ebris\u00eb anulon faljen e namazit t\u00eb premten. Situata e krijuar nga koronavirusi nd\u00ebrhyn dhe n\u00eb aktivitetet fetare, pasi KMSH ka shp\u00ebrndar\u00eb nj\u00eb njoftim p\u00ebr marrjen e masave nga myftinit\u00eb. Kreu i komunitetit Mysliman t\u00eb Shqip\u00ebris\u00eb Bujar Spahiu, ka udh\u00ebzuar q\u00eb koh\u00ebt e namazit t\u00eb falen individualisht dhe myftinjt\u00eb t\u00eb nd\u00ebrmarrin fushata sensibilizuese [&hellip;]<\/p>\n","protected":false},"author":2013,"featured_media":123665,"comment_status":"open","ping_status":"closed","sticky":false,"template":"","format":"standard","meta":{"footnotes":""},"categories":[241,235],"tags":[],"class_list":{"0":"post-123664","1":"post","2":"type-post","3":"status-publish","4":"format-standard","5":"has-post-thumbnail","7":"category-aktualitet","8":"category-vendi"},"_links":{"self":[{"href":"https:\/\/zjarr.tv\/en\/wp-json\/wp\/v2\/posts\/123664","targetHints":{"allow":["GET"]}}],"collection":[{"href":"https:\/\/zjarr.tv\/en\/wp-json\/wp\/v2\/posts"}],"about":[{"href":"https:\/\/zjarr.tv\/en\/wp-json\/wp\/v2\/types\/post"}],"author":[{"embeddable":true,"href":"https:\/\/zjarr.tv\/en\/wp-json\/wp\/v2\/users\/2013"}],"replies":[{"embeddable":true,"href":"https:\/\/zjarr.tv\/en\/wp-json\/wp\/v2\/comments?post=123664"}],"version-history":[{"count":0,"href":"https:\/\/zjarr.tv\/en\/wp-json\/wp\/v2\/posts\/123664\/revisions"}],"wp:featuredmedia":[{"embeddable":true,"href":"https:\/\/zjarr.tv\/en\/wp-json\/wp\/v2\/media\/123665"}],"wp:attachment":[{"href":"https:\/\/zjarr.tv\/en\/wp-json\/wp\/v2\/media?parent=123664"}],"wp:term":[{"taxonomy":"category","embeddable":true,"href":"https:\/\/zjarr.tv\/en\/wp-json\/wp\/v2\/categories?post=123664"},{"taxonomy":"post_tag","embeddable":true,"href":"https:\/\/zjarr.tv\/en\/wp-json\/wp\/v2\/tags?post=123664"}],"curies":[{"name":"wp","href":"https:\/\/api.w.org\/{rel}","templated":true}]}}