{"id":123668,"date":"2020-03-12T12:05:06","date_gmt":"2020-03-12T11:05:06","guid":{"rendered":"https:\/\/zjarr.tv\/?p=123668"},"modified":"2020-03-12T12:05:06","modified_gmt":"2020-03-12T11:05:06","slug":"pas-tiranes-edhe-durresi-pezullon-me-afat-te-pacaktuar-transportin-publik","status":"publish","type":"post","link":"https:\/\/zjarr.tv\/en\/pas-tiranes-edhe-durresi-pezullon-me-afat-te-pacaktuar-transportin-publik\/","title":{"rendered":"Pas Tiran\u00ebs edhe Durr\u00ebsi pezullon me afat t\u00eb pacaktuar transportin publik"},"content":{"rendered":"<p>Pas Tiran\u00ebs edhe bashkia e Durr\u00ebsit njofton pezullimin e transportit publik p\u00ebr nj\u00eb afat t\u00eb pacaktuar n\u00eb vijim t\u00eb masave mbrojt\u00ebse p\u00ebr parandalimin e p\u00ebrhapjes s\u00eb koronavirusit COVID 19.<\/p>\n<p>Bashkia Durr\u00ebs njofton qytetar\u00ebt se prej dat\u00ebs 12 mars, do t\u00eb pezullohet sh\u00ebrbimi i transportit publik p\u00ebr nj\u00eb afat t\u00eb pacaktuar.<\/p>\n<p>Prej or\u00ebs 08.00 t\u00eb dat\u00ebs 12 mars, k\u00ebto linja do t\u00eb nd\u00ebrpriten deri n\u00eb nj\u00eb njoftim t\u00eb dyt\u00eb:<\/p>\n<p>-Sh\u00ebrbimi i transportit qytetas (linjat brenda qytetit t\u00eb Durr\u00ebsit)<\/p>\n<p>-Sh\u00ebrbimi i transportit rrethqytetas, (linjat q\u00eb lidhin qytetin me nj\u00ebsit\u00eb administrative ish-komuna)<\/p>\n<p>-Sh\u00ebrbimi i transportit nd\u00ebrqytetas ushqyes (linjat q\u00eb lidhin bashkin\u00eb Durr\u00ebs me bashkin\u00eb e Kruj\u00ebs dhe bashkin\u00eb e Shijakut)<\/p>\n<p>Bashkia Durr\u00ebs k\u00ebrkon mir\u00ebkuptimin e qytetar\u00ebve p\u00ebr pezullimin e p\u00ebrkohsh\u00ebm t\u00eb sh\u00ebrbimit t\u00eb transportit publik, si nj\u00eb mas\u00eb t\u00eb domosdoshme p\u00ebr t\u00eb parandaluar p\u00ebrhapjen e COVID 19.<\/p>","protected":false},"excerpt":{"rendered":"<p>Pas Tiran\u00ebs edhe bashkia e Durr\u00ebsit njofton pezullimin e transportit publik p\u00ebr nj\u00eb afat t\u00eb pacaktuar n\u00eb vijim t\u00eb masave mbrojt\u00ebse p\u00ebr parandalimin e p\u00ebrhapjes s\u00eb koronavirusit COVID 19. Bashkia Durr\u00ebs njofton qytetar\u00ebt se prej dat\u00ebs 12 mars, do t\u00eb pezullohet sh\u00ebrbimi i transportit publik p\u00ebr nj\u00eb afat t\u00eb pacaktuar. Prej or\u00ebs 08.00 t\u00eb dat\u00ebs [&hellip;]<\/p>\n","protected":false},"author":2013,"featured_media":123670,"comment_status":"open","ping_status":"closed","sticky":false,"template":"","format":"standard","meta":{"footnotes":""},"categories":[241,235],"tags":[],"class_list":{"0":"post-123668","1":"post","2":"type-post","3":"status-publish","4":"format-standard","5":"has-post-thumbnail","7":"category-aktualitet","8":"category-vendi"},"_links":{"self":[{"href":"https:\/\/zjarr.tv\/en\/wp-json\/wp\/v2\/posts\/123668","targetHints":{"allow":["GET"]}}],"collection":[{"href":"https:\/\/zjarr.tv\/en\/wp-json\/wp\/v2\/posts"}],"about":[{"href":"https:\/\/zjarr.tv\/en\/wp-json\/wp\/v2\/types\/post"}],"author":[{"embeddable":true,"href":"https:\/\/zjarr.tv\/en\/wp-json\/wp\/v2\/users\/2013"}],"replies":[{"embeddable":true,"href":"https:\/\/zjarr.tv\/en\/wp-json\/wp\/v2\/comments?post=123668"}],"version-history":[{"count":0,"href":"https:\/\/zjarr.tv\/en\/wp-json\/wp\/v2\/posts\/123668\/revisions"}],"wp:featuredmedia":[{"embeddable":true,"href":"https:\/\/zjarr.tv\/en\/wp-json\/wp\/v2\/media\/123670"}],"wp:attachment":[{"href":"https:\/\/zjarr.tv\/en\/wp-json\/wp\/v2\/media?parent=123668"}],"wp:term":[{"taxonomy":"category","embeddable":true,"href":"https:\/\/zjarr.tv\/en\/wp-json\/wp\/v2\/categories?post=123668"},{"taxonomy":"post_tag","embeddable":true,"href":"https:\/\/zjarr.tv\/en\/wp-json\/wp\/v2\/tags?post=123668"}],"curies":[{"name":"wp","href":"https:\/\/api.w.org\/{rel}","templated":true}]}}