{"id":123672,"date":"2020-03-12T12:06:58","date_gmt":"2020-03-12T11:06:58","guid":{"rendered":"https:\/\/zjarr.tv\/?p=123672"},"modified":"2020-03-12T12:06:58","modified_gmt":"2020-03-12T11:06:58","slug":"covid-19-rama-e-fillon-diten-me-martin-luther-king-meta-ecje-ne-natyre","status":"publish","type":"post","link":"https:\/\/zjarr.tv\/en\/covid-19-rama-e-fillon-diten-me-martin-luther-king-meta-ecje-ne-natyre\/","title":{"rendered":"COVID-19, Rama e &#8220;fillon&#8221; dit\u00ebn me Martin Luther King, Meta ecje n\u00eb natyr\u00eb"},"content":{"rendered":"<p>Shqip\u00ebria \u00ebsht\u00eb futur n\u00eb dit\u00ebn e kat\u00ebrt t\u00eb p\u00ebrballjes me koronavirusit. Masat e marra nga qeveria kan\u00eb qen\u00eb drastike, dhe pritet t\u00eb shtr\u00ebngohen m\u00eb shum\u00eb n\u00ebse situata do t\u00eb p\u00ebrkeq\u00ebsohet.<\/p>\n<p>Nd\u00ebrkoh\u00eb, m\u00ebngjesin e t\u00eb enjtes, Kryeministri Edi Rama e ka nisur dit\u00ebn duke p\u00ebrdorur nj\u00eb shprehje t\u00eb ish-udh\u00ebheq\u00ebsit kund\u00ebr racizmit ndaj afro-amerikan\u00ebve n\u00eb vitet 1960, Martin Luther King.<\/p>\n<p>\u201cMosp\u00ebrfillja ndaj t\u00eb keqes \u00ebsht\u00eb e barazvlefshme me t\u00eb qen\u00ebt bashk\u00ebpun\u00ebtor\u201d, &#8211; shkruan Rama, citon Martin Luther King.<\/p>\n<p>Nd\u00ebrkoh\u00eb, Presidenti Ilir Meta e ka nisur dit\u00ebn duke publikuar nj\u00eb foto ku shfaqet me veshje sportive nd\u00ebrsa e shoq\u00ebron me komentin: \u201cM\u00eb mir\u00eb n\u00eb natyr\u00eb se n\u00eb palest\u00ebr\u201d.<\/p>","protected":false},"excerpt":{"rendered":"<p>Shqip\u00ebria \u00ebsht\u00eb futur n\u00eb dit\u00ebn e kat\u00ebrt t\u00eb p\u00ebrballjes me koronavirusit. Masat e marra nga qeveria kan\u00eb qen\u00eb drastike, dhe pritet t\u00eb shtr\u00ebngohen m\u00eb shum\u00eb n\u00ebse situata do t\u00eb p\u00ebrkeq\u00ebsohet. Nd\u00ebrkoh\u00eb, m\u00ebngjesin e t\u00eb enjtes, Kryeministri Edi Rama e ka nisur dit\u00ebn duke p\u00ebrdorur nj\u00eb shprehje t\u00eb ish-udh\u00ebheq\u00ebsit kund\u00ebr racizmit ndaj afro-amerikan\u00ebve n\u00eb vitet 1960, [&hellip;]<\/p>\n","protected":false},"author":2013,"featured_media":123673,"comment_status":"open","ping_status":"closed","sticky":false,"template":"","format":"standard","meta":{"footnotes":""},"categories":[241,235],"tags":[],"class_list":{"0":"post-123672","1":"post","2":"type-post","3":"status-publish","4":"format-standard","5":"has-post-thumbnail","7":"category-aktualitet","8":"category-vendi"},"_links":{"self":[{"href":"https:\/\/zjarr.tv\/en\/wp-json\/wp\/v2\/posts\/123672","targetHints":{"allow":["GET"]}}],"collection":[{"href":"https:\/\/zjarr.tv\/en\/wp-json\/wp\/v2\/posts"}],"about":[{"href":"https:\/\/zjarr.tv\/en\/wp-json\/wp\/v2\/types\/post"}],"author":[{"embeddable":true,"href":"https:\/\/zjarr.tv\/en\/wp-json\/wp\/v2\/users\/2013"}],"replies":[{"embeddable":true,"href":"https:\/\/zjarr.tv\/en\/wp-json\/wp\/v2\/comments?post=123672"}],"version-history":[{"count":0,"href":"https:\/\/zjarr.tv\/en\/wp-json\/wp\/v2\/posts\/123672\/revisions"}],"wp:featuredmedia":[{"embeddable":true,"href":"https:\/\/zjarr.tv\/en\/wp-json\/wp\/v2\/media\/123673"}],"wp:attachment":[{"href":"https:\/\/zjarr.tv\/en\/wp-json\/wp\/v2\/media?parent=123672"}],"wp:term":[{"taxonomy":"category","embeddable":true,"href":"https:\/\/zjarr.tv\/en\/wp-json\/wp\/v2\/categories?post=123672"},{"taxonomy":"post_tag","embeddable":true,"href":"https:\/\/zjarr.tv\/en\/wp-json\/wp\/v2\/tags?post=123672"}],"curies":[{"name":"wp","href":"https:\/\/api.w.org\/{rel}","templated":true}]}}