{"id":123687,"date":"2020-03-12T12:14:27","date_gmt":"2020-03-12T11:14:27","guid":{"rendered":"https:\/\/zjarr.tv\/?p=123687"},"modified":"2020-03-12T12:14:27","modified_gmt":"2020-03-12T11:14:27","slug":"zgjerohet-harta-e-koronavirusit-konfirmohen-dhe-8-raste-te-reja","status":"publish","type":"post","link":"https:\/\/zjarr.tv\/en\/zgjerohet-harta-e-koronavirusit-konfirmohen-dhe-8-raste-te-reja\/","title":{"rendered":"Zgjerohet harta e koronavirusit: Konfirmohen dhe 8 raste te reja"},"content":{"rendered":"<p>Ministria e Sh\u00ebndet\u00ebsis\u00eb: 8 raste t\u00eb reja me COVID-19, n\u00eb total 23 raste pozitive<\/p>\n<p>Nga rastet e reja, 2 jan\u00eb n\u00eb Durr\u00ebs, 2 n\u00eb Elbasan, 1 n\u00eb Rrogozhin\u00eb dhe 3 n\u00eb Tiran\u00eb<\/p>\n<p>Gjat\u00eb 24 or\u00ebve t\u00eb fundit jan\u00eb testuar 145 raste p\u00ebr COVID-19 dhe n\u00eb total jan\u00eb gjithsesj 298 raste t\u00eb testuara. Deri n\u00eb k\u00ebto momente 23 raste kan\u00eb rezultuar pozitiv p\u00ebr COVID-19\u201d. Njoftimi u b\u00eb publik gjat\u00eb komunimit t\u00eb p\u00ebrditsh\u00ebm nga zv\/Ministrja e Sh\u00ebndet\u00ebsis\u00eb Mira Rakacolli.<br \/>\n5 prej ndodhen n\u00eb spitalin Infektiv n\u00eb Tiran\u00eb (3 rastet nga i identifikuari i par\u00eb me COVID-19, nj\u00eb rast tjet\u00ebr, 31 vje\u00e7ari me banim n\u00eb Tiran\u00eb, me histori udh\u00ebtimi me Italin\u00eb dhe nj\u00eb grua 45-vje\u00e7are nga Rrogozhina, me histori udh\u00ebtimi me Italin\u00eb). Gjendja e tyre deri n\u00eb k\u00ebto momente \u00ebsht\u00eb e stabilizuar. Nd\u00ebrsa 18 raste t\u00eb tjera (n\u00eb total) q\u00eb kan\u00eb rezultuar pozitiv jan\u00eb t\u00eb vet\u00ebizoluar n\u00eb sht\u00ebpi pa probleme t\u00eb ve\u00e7anta.<br \/>\nShp\u00ebrndarja e rasteve t\u00eb konfirmuara me COVID-19 \u00ebsht\u00eb si vijon:<\/p>\n<p>Tiran\u00eb \u2013 16 raste<br \/>\nDurr\u00ebs \u2013 3 raste (njera prej t\u00eb cilave ka nd\u00ebrruar jet\u00eb)<br \/>\nLushnje \u2013 1 rast<br \/>\nElbasan \u2013 2 raste<br \/>\nRrogozhin\u00eb \u2013 1 rast<br \/>\nT\u00eb gjitha rastet kan\u00eb pasur histori udh\u00ebtimi me Italin\u00eb.<\/p>","protected":false},"excerpt":{"rendered":"<p>Ministria e Sh\u00ebndet\u00ebsis\u00eb: 8 raste t\u00eb reja me COVID-19, n\u00eb total 23 raste pozitive Nga rastet e reja, 2 jan\u00eb n\u00eb Durr\u00ebs, 2 n\u00eb Elbasan, 1 n\u00eb Rrogozhin\u00eb dhe 3 n\u00eb Tiran\u00eb Gjat\u00eb 24 or\u00ebve t\u00eb fundit jan\u00eb testuar 145 raste p\u00ebr COVID-19 dhe n\u00eb total jan\u00eb gjithsesj 298 raste t\u00eb testuara. Deri n\u00eb k\u00ebto [&hellip;]<\/p>\n","protected":false},"author":2013,"featured_media":38161,"comment_status":"open","ping_status":"closed","sticky":false,"template":"","format":"standard","meta":{"footnotes":""},"categories":[241,235],"tags":[],"class_list":{"0":"post-123687","1":"post","2":"type-post","3":"status-publish","4":"format-standard","5":"has-post-thumbnail","7":"category-aktualitet","8":"category-vendi"},"_links":{"self":[{"href":"https:\/\/zjarr.tv\/en\/wp-json\/wp\/v2\/posts\/123687","targetHints":{"allow":["GET"]}}],"collection":[{"href":"https:\/\/zjarr.tv\/en\/wp-json\/wp\/v2\/posts"}],"about":[{"href":"https:\/\/zjarr.tv\/en\/wp-json\/wp\/v2\/types\/post"}],"author":[{"embeddable":true,"href":"https:\/\/zjarr.tv\/en\/wp-json\/wp\/v2\/users\/2013"}],"replies":[{"embeddable":true,"href":"https:\/\/zjarr.tv\/en\/wp-json\/wp\/v2\/comments?post=123687"}],"version-history":[{"count":0,"href":"https:\/\/zjarr.tv\/en\/wp-json\/wp\/v2\/posts\/123687\/revisions"}],"wp:featuredmedia":[{"embeddable":true,"href":"https:\/\/zjarr.tv\/en\/wp-json\/wp\/v2\/media\/38161"}],"wp:attachment":[{"href":"https:\/\/zjarr.tv\/en\/wp-json\/wp\/v2\/media?parent=123687"}],"wp:term":[{"taxonomy":"category","embeddable":true,"href":"https:\/\/zjarr.tv\/en\/wp-json\/wp\/v2\/categories?post=123687"},{"taxonomy":"post_tag","embeddable":true,"href":"https:\/\/zjarr.tv\/en\/wp-json\/wp\/v2\/tags?post=123687"}],"curies":[{"name":"wp","href":"https:\/\/api.w.org\/{rel}","templated":true}]}}